{"id":1083,"date":"2020-03-26T19:47:06","date_gmt":"2020-03-26T22:47:06","guid":{"rendered":"http:\/\/www.asociacionbioquimicauruguaya.org\/?p=1083"},"modified":"2020-03-26T19:47:08","modified_gmt":"2020-03-26T22:47:08","slug":"informacion-covid-19","status":"publish","type":"post","link":"https:\/\/www.asociacionbioquimicauruguaya.org\/?p=1083","title":{"rendered":"Informaci\u00f3n Covid-19"},"content":{"rendered":"<section class=\"kc-elm kc-css-853114 kc_row\"><div class=\"kc-row-container  kc-container\"><div class=\"kc-wrap-columns\"><div class=\"kc-elm kc-css-531130 kc_col-sm-12 kc_column kc_col-sm-12\"><div class=\"kc-col-container\"><div class=\"kc-elm kc-css-910120 kc_shortcode kc_single_image\">\n\n        <img src=\"https:\/\/www.asociacionbioquimicauruguaya.org\/wp-content\/uploads\/2020\/03\/informaci\u00f3n-Covid-19.jpeg\" class=\"\" alt=\"\" \/>    <\/div>\n<div class=\"kc-elm kc-css-79722\" style=\"height: 20px; clear: both; width:100%;\"><\/div><div class=\"kc-elm kc-css-556323 kc_text_block\"><\/p>\n<div dir=\"ltr\">\n<p><span style=\"color: #000000; font-family: arial, sans-serif;\">La Asociaci\u00f3n Bioqu\u00edmica Uruguaya recomienda seguir las p\u00e1ginas de la Organizaci\u00f3n Mundial de la Salud:\u00a0<a href=\"https:\/\/www.who.int\/\" target=\"_blank\" rel=\"noopener\">https:\/\/www.who.int\/<\/a>\u00a0y del Ministerio de Salud Publica de Uruguay:\u00a0<a href=\"https:\/\/www.gub.uy\/ministerio-salud-publica\/\" target=\"_blank\" rel=\"noopener\">https:\/\/www.gub.uy\/<wbr \/>ministerio-salud-publica\/<\/a>,\u00a0de manera de estar al d\u00eda en lo referente a COVID-19.<\/span><\/p>\n<p><span style=\"color: #000000; font-family: arial, sans-serif;\">Gu\u00eda de informaci\u00f3n de la IFCC sobre COVID-19, podr\u00e1n acceder a la misma por el siguiente enlace: <a href=\"https:\/\/www.ifcc.org\/ifcc-news\/2020-03-26-ifcc-information-guide-on-covid-19\/\" target=\"_blank\" rel=\"noopener\">https:\/\/www.ifcc.org\/ifcc-<wbr \/>news\/2020-03-26-ifcc-<wbr \/>information-guide-on-covid-19\/<\/a><\/span><\/p>\n<\/div>\n<div dir=\"ltr\"><span style=\"color: #000000; font-family: arial, sans-serif;\">\u00a0<\/span><\/div>\n<div dir=\"ltr\"><span style=\"color: #000000; font-family: arial, sans-serif;\">Curso online sobre Covid-19 de IFCC:\u00a0\u00a0<\/span><a href=\"https:\/\/www.ifcc.org\/ifcc-news\/2020-03-11-announcement-regarding-covid-19-mini-course\/\" target=\"_blank\" rel=\"nofollow noopener\"><span style=\"color: #000000; font-family: arial, sans-serif;\">https:\/\/www.ifcc.org\/ifcc-<wbr \/>news\/2020-03-11-announcement-<wbr \/>regarding-covid-19-mini-<wbr \/>course\/<\/span><\/a><\/div>\n<div dir=\"ltr\">\u00a0<\/div>\n<p>\n<\/div><div class=\"kc-elm kc-css-910546\" style=\"height: 20px; clear: both; width:100%;\"><\/div><\/div><\/div><\/div><\/div><\/section>\n","protected":false},"excerpt":{"rendered":"","protected":false},"author":9,"featured_media":0,"comment_status":"closed","ping_status":"closed","sticky":false,"template":"","format":"standard","meta":{"_coblocks_attr":"","_coblocks_dimensions":"","_coblocks_responsive_height":"","_coblocks_accordion_ie_support":""},"categories":[10,13],"tags":[],"_links":{"self":[{"href":"https:\/\/www.asociacionbioquimicauruguaya.org\/index.php?rest_route=\/wp\/v2\/posts\/1083"}],"collection":[{"href":"https:\/\/www.asociacionbioquimicauruguaya.org\/index.php?rest_route=\/wp\/v2\/posts"}],"about":[{"href":"https:\/\/www.asociacionbioquimicauruguaya.org\/index.php?rest_route=\/wp\/v2\/types\/post"}],"author":[{"embeddable":true,"href":"https:\/\/www.asociacionbioquimicauruguaya.org\/index.php?rest_route=\/wp\/v2\/users\/9"}],"replies":[{"embeddable":true,"href":"https:\/\/www.asociacionbioquimicauruguaya.org\/index.php?rest_route=%2Fwp%2Fv2%2Fcomments&post=1083"}],"version-history":[{"count":0,"href":"https:\/\/www.asociacionbioquimicauruguaya.org\/index.php?rest_route=\/wp\/v2\/posts\/1083\/revisions"}],"wp:attachment":[{"href":"https:\/\/www.asociacionbioquimicauruguaya.org\/index.php?rest_route=%2Fwp%2Fv2%2Fmedia&parent=1083"}],"wp:term":[{"taxonomy":"category","embeddable":true,"href":"https:\/\/www.asociacionbioquimicauruguaya.org\/index.php?rest_route=%2Fwp%2Fv2%2Fcategories&post=1083"},{"taxonomy":"post_tag","embeddable":true,"href":"https:\/\/www.asociacionbioquimicauruguaya.org\/index.php?rest_route=%2Fwp%2Fv2%2Ftags&post=1083"}],"curies":[{"name":"wp","href":"https:\/\/api.w.org\/{rel}","templated":true}]}}