{"id":1161,"date":"2020-08-14T18:36:53","date_gmt":"2020-08-14T21:36:53","guid":{"rendered":"http:\/\/www.asociacionbioquimicauruguaya.org\/?p=1161"},"modified":"2020-10-30T02:09:14","modified_gmt":"2020-10-30T05:09:14","slug":"xiii-congreso-uruguayo-de-bioquimica-clinica-2020","status":"publish","type":"post","link":"https:\/\/www.asociacionbioquimicauruguaya.org\/?p=1161","title":{"rendered":"XIII Congreso Uruguayo de Bioqu\u00edmica Cl\u00ednica 2020"},"content":{"rendered":"<section class=\"kc-elm kc-css-559724 kc_row\"><div class=\"kc-row-container  kc-container\"><div class=\"kc-wrap-columns\"><div class=\"kc-elm kc-css-572015 kc_col-sm-12 kc_column kc_col-sm-12\"><div class=\"kc-col-container\"><div class=\"kc-elm kc-css-265932 kc_shortcode kc_single_image\">\n\n        <img src=\"https:\/\/www.asociacionbioquimicauruguaya.org\/wp-content\/uploads\/2020\/08\/Congreso-2020-ABU.jpg\" class=\"\" alt=\"\" \/>    <\/div>\n<div class=\"kc-elm kc-css-926480\" style=\"height: 20px; clear: both; width:100%;\"><\/div><div class=\"kc-elm kc-css-556841 kc_text_block\"><\/p>\n<p><span style=\"color: rgb(5, 5, 5); font-family: &quot;Segoe UI Historic&quot;, &quot;Segoe UI&quot;, Helvetica, Arial, sans-serif; font-size: 15px; font-style: inherit;\">1\u00ba CONGRESO VIRTUAL DE BIOQU\u00cdMICA CL\u00cdNICA del 15 AL 17 DE OCTUBRE DE 2020<\/span><\/p>\n<p><span style=\"color: rgb(5, 5, 5); font-family: &quot;Segoe UI Historic&quot;, &quot;Segoe UI&quot;, Helvetica, Arial, sans-serif; font-size: 15px;\">&#8230;<\/span><br style=\"color: rgb(5, 5, 5); font-family: &quot;Segoe UI Historic&quot;, &quot;Segoe UI&quot;, Helvetica, Arial, sans-serif; font-size: 15px; animation-name: none !important; transition-property: none !important;\"><span style=\"color: rgb(5, 5, 5); font-family: &quot;Segoe UI Historic&quot;, &quot;Segoe UI&quot;, Helvetica, Arial, sans-serif; font-size: 15px;\">En este encuentro deseamos destacar la importancia del sinergismo entre la formaci\u00f3n profesional y la tecnolog\u00eda para obtener resultados en tiempo \u00f3ptimo. Surgen as\u00ed tres conceptos fundamentales, que potencian la calidad de atenci\u00f3n brindada a nuestros usuarios y que constituir\u00e1n el eje de este Congreso: Talento, Tecnolog\u00eda y Tiempo<\/span><br style=\"color: rgb(5, 5, 5); font-family: &quot;Segoe UI Historic&quot;, &quot;Segoe UI&quot;, Helvetica, Arial, sans-serif; font-size: 15px; animation-name: none !important; transition-property: none !important;\"><span style=\"color: rgb(5, 5, 5); font-family: &quot;Segoe UI Historic&quot;, &quot;Segoe UI&quot;, Helvetica, Arial, sans-serif; font-size: 15px;\">&#8230;<\/span><br style=\"color: rgb(5, 5, 5); font-family: &quot;Segoe UI Historic&quot;, &quot;Segoe UI&quot;, Helvetica, Arial, sans-serif; font-size: 15px; animation-name: none !important; transition-property: none !important;\"><span style=\"color: rgb(5, 5, 5); font-family: &quot;Segoe UI Historic&quot;, &quot;Segoe UI&quot;, Helvetica, Arial, sans-serif; font-size: 15px;\">Organiza: ABU | Secretaria:&nbsp; Grupo Elis<\/span><\/p>\n<p><a href=\"http:\/\/www.congresoabu2020.org\/\">http:\/\/www.congresoabu2020.org\/<\/a><\/p>\n<p>\n<\/div><\/div><\/div><\/div><\/div><\/section>\n","protected":false},"excerpt":{"rendered":"","protected":false},"author":9,"featured_media":1282,"comment_status":"closed","ping_status":"closed","sticky":false,"template":"","format":"standard","meta":{"_coblocks_attr":"","_coblocks_dimensions":"","_coblocks_responsive_height":"","_coblocks_accordion_ie_support":""},"categories":[9,13],"tags":[],"_links":{"self":[{"href":"https:\/\/www.asociacionbioquimicauruguaya.org\/index.php?rest_route=\/wp\/v2\/posts\/1161"}],"collection":[{"href":"https:\/\/www.asociacionbioquimicauruguaya.org\/index.php?rest_route=\/wp\/v2\/posts"}],"about":[{"href":"https:\/\/www.asociacionbioquimicauruguaya.org\/index.php?rest_route=\/wp\/v2\/types\/post"}],"author":[{"embeddable":true,"href":"https:\/\/www.asociacionbioquimicauruguaya.org\/index.php?rest_route=\/wp\/v2\/users\/9"}],"replies":[{"embeddable":true,"href":"https:\/\/www.asociacionbioquimicauruguaya.org\/index.php?rest_route=%2Fwp%2Fv2%2Fcomments&post=1161"}],"version-history":[{"count":0,"href":"https:\/\/www.asociacionbioquimicauruguaya.org\/index.php?rest_route=\/wp\/v2\/posts\/1161\/revisions"}],"wp:featuredmedia":[{"embeddable":true,"href":"https:\/\/www.asociacionbioquimicauruguaya.org\/index.php?rest_route=\/wp\/v2\/media\/1282"}],"wp:attachment":[{"href":"https:\/\/www.asociacionbioquimicauruguaya.org\/index.php?rest_route=%2Fwp%2Fv2%2Fmedia&parent=1161"}],"wp:term":[{"taxonomy":"category","embeddable":true,"href":"https:\/\/www.asociacionbioquimicauruguaya.org\/index.php?rest_route=%2Fwp%2Fv2%2Fcategories&post=1161"},{"taxonomy":"post_tag","embeddable":true,"href":"https:\/\/www.asociacionbioquimicauruguaya.org\/index.php?rest_route=%2Fwp%2Fv2%2Ftags&post=1161"}],"curies":[{"name":"wp","href":"https:\/\/api.w.org\/{rel}","templated":true}]}}