{"id":1380,"date":"2020-10-14T07:56:48","date_gmt":"2020-10-14T10:56:48","guid":{"rendered":"http:\/\/www.asociacionbioquimicauruguaya.org\/?p=1380"},"modified":"2020-10-14T07:56:49","modified_gmt":"2020-10-14T10:56:49","slug":"curso-enfermedad-de-von-willebrand","status":"publish","type":"post","link":"https:\/\/www.asociacionbioquimicauruguaya.org\/?p=1380","title":{"rendered":"Curso: Enfermedad de Von Willebrand"},"content":{"rendered":"\n<p><strong>Fecha:&nbsp;<\/strong>Junio 2021<\/p>\n\n\n\n<p><strong>Nombre Coordinador:&nbsp;<\/strong>ANA LENA<\/p>\n\n\n\n<p><strong>Carga horaria total:&nbsp;<\/strong>2hs.<\/p>\n\n\n\n<p><strong>Cantidad total de pruebas\/ex\u00e1menes:&nbsp;<\/strong>2<\/p>\n\n\n\n<p><strong>Objetivo general de la actividad&nbsp;acad\u00e9mica:&nbsp;<\/strong>Profundizar en el conocimiento de la Enfermedad de&nbsp;von&nbsp;Willebrand, en el diagn\u00f3stico y tipificaci\u00f3n de la enfermedad.<\/p>\n\n\n\n<p><strong>Docente:&nbsp;<\/strong>Dr&nbsp;Alejandro Morales de la Vega (M\u00e9xico)<\/p>\n","protected":false},"excerpt":{"rendered":"<p>Fecha:&nbsp;Junio 2021 Nombre Coordinador:&nbsp;ANA LENA Carga horaria total:&nbsp;2hs. Cantidad total de pruebas\/ex\u00e1menes:&nbsp;2 Objetivo general de la actividad&nbsp;acad\u00e9mica:&nbsp;Profundizar en el conocimiento de la Enfermedad de&nbsp;von&nbsp;Willebrand, en el diagn\u00f3stico y tipificaci\u00f3n de la enfermedad. Docente:&nbsp;Dr&nbsp;Alejandro Morales de la Vega (M\u00e9xico)<\/p>\n","protected":false},"author":1,"featured_media":0,"comment_status":"closed","ping_status":"closed","sticky":false,"template":"","format":"standard","meta":{"_coblocks_attr":"","_coblocks_dimensions":"","_coblocks_responsive_height":"","_coblocks_accordion_ie_support":""},"categories":[10],"tags":[],"_links":{"self":[{"href":"https:\/\/www.asociacionbioquimicauruguaya.org\/index.php?rest_route=\/wp\/v2\/posts\/1380"}],"collection":[{"href":"https:\/\/www.asociacionbioquimicauruguaya.org\/index.php?rest_route=\/wp\/v2\/posts"}],"about":[{"href":"https:\/\/www.asociacionbioquimicauruguaya.org\/index.php?rest_route=\/wp\/v2\/types\/post"}],"author":[{"embeddable":true,"href":"https:\/\/www.asociacionbioquimicauruguaya.org\/index.php?rest_route=\/wp\/v2\/users\/1"}],"replies":[{"embeddable":true,"href":"https:\/\/www.asociacionbioquimicauruguaya.org\/index.php?rest_route=%2Fwp%2Fv2%2Fcomments&post=1380"}],"version-history":[{"count":0,"href":"https:\/\/www.asociacionbioquimicauruguaya.org\/index.php?rest_route=\/wp\/v2\/posts\/1380\/revisions"}],"wp:attachment":[{"href":"https:\/\/www.asociacionbioquimicauruguaya.org\/index.php?rest_route=%2Fwp%2Fv2%2Fmedia&parent=1380"}],"wp:term":[{"taxonomy":"category","embeddable":true,"href":"https:\/\/www.asociacionbioquimicauruguaya.org\/index.php?rest_route=%2Fwp%2Fv2%2Fcategories&post=1380"},{"taxonomy":"post_tag","embeddable":true,"href":"https:\/\/www.asociacionbioquimicauruguaya.org\/index.php?rest_route=%2Fwp%2Fv2%2Ftags&post=1380"}],"curies":[{"name":"wp","href":"https:\/\/api.w.org\/{rel}","templated":true}]}}