{"id":1496,"date":"2021-02-03T01:24:32","date_gmt":"2021-02-03T04:24:32","guid":{"rendered":"http:\/\/www.asociacionbioquimicauruguaya.org\/?p=1496"},"modified":"2021-02-03T07:56:22","modified_gmt":"2021-02-03T10:56:22","slug":"curso-internacional-liderazgo-de-los-jovenes-profesionales-en-los-laboratorios-clinicos-un-desafio-despues-de-la-pandemia","status":"publish","type":"post","link":"https:\/\/www.asociacionbioquimicauruguaya.org\/?p=1496","title":{"rendered":"Curso internacional &#8211; Liderazgo de los j\u00f3venes profesionales en los laboratorios cl\u00ednicos, un desaf\u00edo despu\u00e9s de la pandemia"},"content":{"rendered":"\n<p>Estimados socios,&nbsp;<\/p>\n\n\n\n<p>Divulgamos llamado a j\u00f3venes\u00a0profesionales para el Curso\u00a0internacional\u00a0\u00a0<a>\u201cLiderazgo de los j\u00f3venes profesionales en los laboratorios cl\u00ednicos, un desaf\u00edo despu\u00e9s de la pandemia<\/a><strong>\u201d<\/strong>, auspiciado por COLABIOCLI\u00a0que se iniciar\u00e1 el <strong>18 de este mes bajo formato virtual, en calidad de dos becas que se ofrece para socios de ABU.<\/strong><br>En adjunto se env\u00eda carta de postulaci\u00f3n donde adem\u00e1s se especifica el compromiso que debe asumir el interesado luego de finalizado el mismo.<\/p>\n\n\n\n<h3><strong>Requisitos:<\/strong><\/h3>\n\n\n\n<ul><li>Ser socio ABU al d\u00eda, menor de 40 a\u00f1os y estar recibido.<\/li><li>Se valorar\u00e1 antiguedad de los postulantes y compromiso.&nbsp;<\/li><li>Enviar CV abreviado, y breve resumen de no m\u00e1s de una carilla de extensi\u00f3n especificando motivaci\u00f3n de su postulaci\u00f3n.<\/li><\/ul>\n\n\n\n<p><strong><em>Plazo de postulaci\u00f3n 6 de febrero de 2020.<\/em><\/strong><\/p>\n\n\n\n<p>M\u00e1s informaci\u00f3n del curso en:&nbsp;<a rel=\"noreferrer noopener\" href=\"https:\/\/colabiocli.com\/curso-internacional-liderazgo-de-los-jovenes-profesionales-en-los-laboratorios-clinicos-un-desafio-despues-de-la-pandemia\/\" target=\"_blank\">https:\/\/colabiocli.com\/curso-internacional-liderazgo<\/a><\/p>\n\n\n\n<h3><strong>Archivos Adjuntos<\/strong><\/h3>\n\n\n\n<div class=\"wp-block-file\"><a href=\"https:\/\/www.asociacionbioquimicauruguaya.org\/wp-content\/uploads\/2021\/02\/Postulacio\u0301n-Curso-de-Liderazgo.docx\">Postulacio\u0301n-Curso-de-Liderazgo<\/a><a href=\"https:\/\/www.asociacionbioquimicauruguaya.org\/wp-content\/uploads\/2021\/02\/Postulacio\u0301n-Curso-de-Liderazgo.docx\" class=\"wp-block-file__button\" download>Descarga<\/a><\/div>\n","protected":false},"excerpt":{"rendered":"<p>Estimados socios,&nbsp; Divulgamos llamado a j\u00f3venes\u00a0profesionales para el Curso\u00a0internacional\u00a0\u00a0\u201cLiderazgo de los j\u00f3venes profesionales en los laboratorios cl\u00ednicos, un desaf\u00edo despu\u00e9s de la pandemia\u201d, auspiciado por COLABIOCLI\u00a0que se iniciar\u00e1 el 18 de este mes bajo formato virtual, en calidad de dos becas que se ofrece para socios de ABU.En adjunto se env\u00eda carta de postulaci\u00f3n donde &#8230; <a title=\"Curso internacional &#8211; Liderazgo de los j\u00f3venes profesionales en los laboratorios cl\u00ednicos, un desaf\u00edo despu\u00e9s de la pandemia\" class=\"read-more\" href=\"https:\/\/www.asociacionbioquimicauruguaya.org\/?p=1496\" aria-label=\"M\u00e1s en Curso internacional &#8211; Liderazgo de los j\u00f3venes profesionales en los laboratorios cl\u00ednicos, un desaf\u00edo despu\u00e9s de la pandemia\">Leer m\u00e1s<\/a><\/p>\n","protected":false},"author":1,"featured_media":1498,"comment_status":"closed","ping_status":"closed","sticky":false,"template":"","format":"standard","meta":{"_coblocks_attr":"","_coblocks_dimensions":"","_coblocks_responsive_height":"","_coblocks_accordion_ie_support":""},"categories":[6],"tags":[],"_links":{"self":[{"href":"https:\/\/www.asociacionbioquimicauruguaya.org\/index.php?rest_route=\/wp\/v2\/posts\/1496"}],"collection":[{"href":"https:\/\/www.asociacionbioquimicauruguaya.org\/index.php?rest_route=\/wp\/v2\/posts"}],"about":[{"href":"https:\/\/www.asociacionbioquimicauruguaya.org\/index.php?rest_route=\/wp\/v2\/types\/post"}],"author":[{"embeddable":true,"href":"https:\/\/www.asociacionbioquimicauruguaya.org\/index.php?rest_route=\/wp\/v2\/users\/1"}],"replies":[{"embeddable":true,"href":"https:\/\/www.asociacionbioquimicauruguaya.org\/index.php?rest_route=%2Fwp%2Fv2%2Fcomments&post=1496"}],"version-history":[{"count":0,"href":"https:\/\/www.asociacionbioquimicauruguaya.org\/index.php?rest_route=\/wp\/v2\/posts\/1496\/revisions"}],"wp:featuredmedia":[{"embeddable":true,"href":"https:\/\/www.asociacionbioquimicauruguaya.org\/index.php?rest_route=\/wp\/v2\/media\/1498"}],"wp:attachment":[{"href":"https:\/\/www.asociacionbioquimicauruguaya.org\/index.php?rest_route=%2Fwp%2Fv2%2Fmedia&parent=1496"}],"wp:term":[{"taxonomy":"category","embeddable":true,"href":"https:\/\/www.asociacionbioquimicauruguaya.org\/index.php?rest_route=%2Fwp%2Fv2%2Fcategories&post=1496"},{"taxonomy":"post_tag","embeddable":true,"href":"https:\/\/www.asociacionbioquimicauruguaya.org\/index.php?rest_route=%2Fwp%2Fv2%2Ftags&post=1496"}],"curies":[{"name":"wp","href":"https:\/\/api.w.org\/{rel}","templated":true}]}}