{"id":1567,"date":"2021-02-12T15:27:06","date_gmt":"2021-02-12T18:27:06","guid":{"rendered":"https:\/\/www.asociacionbioquimicauruguaya.org\/?p=1567"},"modified":"2021-02-12T15:30:29","modified_gmt":"2021-02-12T18:30:29","slug":"xxv-congreso-latinoamericano-de-microbiologia","status":"publish","type":"post","link":"https:\/\/www.asociacionbioquimicauruguaya.org\/?p=1567","title":{"rendered":"XXV Congreso Latinoamericano de Microbiolog\u00eda."},"content":{"rendered":"\n<p>El congreso de ALAM son un punto de encuentro para Microbi\u00f3logos latinoamericanos de las las asociaciones de microbiolog\u00eda de Argentina, Chile, Uruguay, Paraguay, Brazil, Colombia,  Ecuador, M\u00e9xico. y brindan la oportunidad para intercambiar informaci\u00f3n, discutir estrategias de investigaci\u00f3n, y planificar cursos de acci\u00f3n, cooperaci\u00f3n y desarrollo para proyectos de inter\u00e9s com\u00fan. Tambi\u00e9n son un foro abierto para encontrarse con colegas de otros pa\u00edses que, por su propia iniciativa o invitados por la organizaci\u00f3n, asistir al evento.<\/p>\n\n\n\n<p>El resultado es un intercambio cient\u00edfico animado e inspirador que especialmente beneficia a los j\u00f3venes investigadores Latinoamericanos, que pueden aumentar sus conocimientos, aprende nuevas t\u00e9cnicas y contribuye con su entrenamiento al progreso personal y social.<\/p>\n\n\n\n<p><strong>Fecha: Del 26 al 29 de agosto de 2021, Asunci\u00f3n, Paraguay<\/strong><\/p>\n\n\n\n<p><strong>Modalidad Presencial<\/strong><\/p>\n\n\n\n<p><strong>M\u00e1s informacion p\u00e1gina web Congreso ALAM:  <\/strong><a href=\"https:\/\/alam.science\/alam-2021\/\">alam.science\/alam-2021\/<\/a><\/p>\n","protected":false},"excerpt":{"rendered":"<p>El congreso de ALAM son un punto de encuentro para Microbi\u00f3logos latinoamericanos de las las asociaciones de microbiolog\u00eda de Argentina, Chile, Uruguay, Paraguay, Brazil, Colombia, Ecuador, M\u00e9xico. y brindan la oportunidad para intercambiar informaci\u00f3n, discutir estrategias de investigaci\u00f3n, y planificar cursos de acci\u00f3n, cooperaci\u00f3n y desarrollo para proyectos de inter\u00e9s com\u00fan. Tambi\u00e9n son un foro &#8230; <a title=\"XXV Congreso Latinoamericano de Microbiolog\u00eda.\" class=\"read-more\" href=\"https:\/\/www.asociacionbioquimicauruguaya.org\/?p=1567\" aria-label=\"M\u00e1s en XXV Congreso Latinoamericano de Microbiolog\u00eda.\">Leer m\u00e1s<\/a><\/p>\n","protected":false},"author":1,"featured_media":1568,"comment_status":"closed","ping_status":"closed","sticky":false,"template":"","format":"standard","meta":{"_coblocks_attr":"","_coblocks_dimensions":"","_coblocks_responsive_height":"","_coblocks_accordion_ie_support":""},"categories":[9],"tags":[],"_links":{"self":[{"href":"https:\/\/www.asociacionbioquimicauruguaya.org\/index.php?rest_route=\/wp\/v2\/posts\/1567"}],"collection":[{"href":"https:\/\/www.asociacionbioquimicauruguaya.org\/index.php?rest_route=\/wp\/v2\/posts"}],"about":[{"href":"https:\/\/www.asociacionbioquimicauruguaya.org\/index.php?rest_route=\/wp\/v2\/types\/post"}],"author":[{"embeddable":true,"href":"https:\/\/www.asociacionbioquimicauruguaya.org\/index.php?rest_route=\/wp\/v2\/users\/1"}],"replies":[{"embeddable":true,"href":"https:\/\/www.asociacionbioquimicauruguaya.org\/index.php?rest_route=%2Fwp%2Fv2%2Fcomments&post=1567"}],"version-history":[{"count":0,"href":"https:\/\/www.asociacionbioquimicauruguaya.org\/index.php?rest_route=\/wp\/v2\/posts\/1567\/revisions"}],"wp:featuredmedia":[{"embeddable":true,"href":"https:\/\/www.asociacionbioquimicauruguaya.org\/index.php?rest_route=\/wp\/v2\/media\/1568"}],"wp:attachment":[{"href":"https:\/\/www.asociacionbioquimicauruguaya.org\/index.php?rest_route=%2Fwp%2Fv2%2Fmedia&parent=1567"}],"wp:term":[{"taxonomy":"category","embeddable":true,"href":"https:\/\/www.asociacionbioquimicauruguaya.org\/index.php?rest_route=%2Fwp%2Fv2%2Fcategories&post=1567"},{"taxonomy":"post_tag","embeddable":true,"href":"https:\/\/www.asociacionbioquimicauruguaya.org\/index.php?rest_route=%2Fwp%2Fv2%2Ftags&post=1567"}],"curies":[{"name":"wp","href":"https:\/\/api.w.org\/{rel}","templated":true}]}}