{"id":1587,"date":"2021-02-17T19:02:39","date_gmt":"2021-02-17T22:02:39","guid":{"rendered":"https:\/\/www.asociacionbioquimicauruguaya.org\/?p=1587"},"modified":"2021-02-17T19:02:41","modified_gmt":"2021-02-17T22:02:41","slug":"conversatorio-llego-la-hora-de-la-vacunacion-covid-19-en-colombia","status":"publish","type":"post","link":"https:\/\/www.asociacionbioquimicauruguaya.org\/?p=1587","title":{"rendered":"Conversatorio: Lleg\u00f3 la hora de la vacunaci\u00f3n COVID-19 en Colombia"},"content":{"rendered":"\n<p>Asociaci\u00f3n Colombiana de Sociedades Cient\u00edficas Invita al conversatorio: <\/p>\n\n\n\n<h3 style=\"text-align:center\"><strong>\u00abLleg\u00f3 la hora de la vacunaci\u00f3n COVID-19 en Colombia\u00bb<\/strong><\/h3>\n\n\n\n<p><br>Fecha: S\u00e1bado 20 de febrero, hora 5:30 P.M.<\/p>\n\n\n\n<p><br>M\u00e1s informaci\u00f3n e inscripciones: http:\/\/sociedadescientificas.hubspotpagebuilder.com\/vacunas<br><\/p>\n","protected":false},"excerpt":{"rendered":"<p>Asociaci\u00f3n Colombiana de Sociedades Cient\u00edficas Invita al conversatorio: \u00abLleg\u00f3 la hora de la vacunaci\u00f3n COVID-19 en Colombia\u00bb Fecha: S\u00e1bado 20 de febrero, hora 5:30 P.M. M\u00e1s informaci\u00f3n e inscripciones: http:\/\/sociedadescientificas.hubspotpagebuilder.com\/vacunas<\/p>\n","protected":false},"author":1,"featured_media":1588,"comment_status":"closed","ping_status":"closed","sticky":false,"template":"","format":"standard","meta":{"_coblocks_attr":"","_coblocks_dimensions":"","_coblocks_responsive_height":"","_coblocks_accordion_ie_support":""},"categories":[20],"tags":[],"_links":{"self":[{"href":"https:\/\/www.asociacionbioquimicauruguaya.org\/index.php?rest_route=\/wp\/v2\/posts\/1587"}],"collection":[{"href":"https:\/\/www.asociacionbioquimicauruguaya.org\/index.php?rest_route=\/wp\/v2\/posts"}],"about":[{"href":"https:\/\/www.asociacionbioquimicauruguaya.org\/index.php?rest_route=\/wp\/v2\/types\/post"}],"author":[{"embeddable":true,"href":"https:\/\/www.asociacionbioquimicauruguaya.org\/index.php?rest_route=\/wp\/v2\/users\/1"}],"replies":[{"embeddable":true,"href":"https:\/\/www.asociacionbioquimicauruguaya.org\/index.php?rest_route=%2Fwp%2Fv2%2Fcomments&post=1587"}],"version-history":[{"count":0,"href":"https:\/\/www.asociacionbioquimicauruguaya.org\/index.php?rest_route=\/wp\/v2\/posts\/1587\/revisions"}],"wp:featuredmedia":[{"embeddable":true,"href":"https:\/\/www.asociacionbioquimicauruguaya.org\/index.php?rest_route=\/wp\/v2\/media\/1588"}],"wp:attachment":[{"href":"https:\/\/www.asociacionbioquimicauruguaya.org\/index.php?rest_route=%2Fwp%2Fv2%2Fmedia&parent=1587"}],"wp:term":[{"taxonomy":"category","embeddable":true,"href":"https:\/\/www.asociacionbioquimicauruguaya.org\/index.php?rest_route=%2Fwp%2Fv2%2Fcategories&post=1587"},{"taxonomy":"post_tag","embeddable":true,"href":"https:\/\/www.asociacionbioquimicauruguaya.org\/index.php?rest_route=%2Fwp%2Fv2%2Ftags&post=1587"}],"curies":[{"name":"wp","href":"https:\/\/api.w.org\/{rel}","templated":true}]}}