{"id":1733,"date":"2021-05-14T01:22:44","date_gmt":"2021-05-14T04:22:44","guid":{"rendered":"https:\/\/www.asociacionbioquimicauruguaya.org\/?p=1733"},"modified":"2021-05-14T01:27:00","modified_gmt":"2021-05-14T04:27:00","slug":"curso-online-enfermedad-de-von-willebrand","status":"publish","type":"post","link":"https:\/\/www.asociacionbioquimicauruguaya.org\/?p=1733","title":{"rendered":"CURSO ONLINE: ENFERMEDAD DE VON WILLEBRAND"},"content":{"rendered":"\n<p>Estimados socios,&nbsp;<br>En el marco de las Actividades Acad\u00e9micas ABU 2021, los invitamos amablemente a participar del <strong>Curso Online:&nbsp;Enfermedad de von Willebrand.<\/strong><\/p>\n\n\n\n<p><strong>Fecha:&nbsp;<\/strong>1 de junio de 2021<\/p>\n\n\n\n<p><strong>Coordinadora:\u00a0<\/strong>Dra. Ana Lena.<\/p>\n\n\n\n<p><strong>Carga horaria total:&nbsp;<\/strong>2hs.<\/p>\n\n\n\n<p><strong>Objetivo general de la actividad&nbsp;acad\u00e9mica:&nbsp;<\/strong>Profundizar en el conocimiento de la Enfermedad de&nbsp;von&nbsp;Willebrand, en el diagn\u00f3stico y tipificaci\u00f3n de la enfermedad.<\/p>\n\n\n\n<p><strong>Docentes:\u00a0<\/strong>Dr\u00a0Alejandro Morales de la Vega (M\u00e9xico)<br>                  Dra. Martha Eva Viveros Sandoval (M\u00e9xico)<\/p>\n\n\n\n<h2>Inscripciones<\/h2>\n\n\n\n<p>Formulario de Inscripci\u00f3n:&nbsp;<a rel=\"noreferrer noopener\" href=\"https:\/\/forms.gle\/ByUD9ERGSX1itSTC9\" target=\"_blank\">https:\/\/forms.gle\/ByUD9ERGSX1itSTC9<\/a><\/p>\n","protected":false},"excerpt":{"rendered":"<p>Estimados socios,&nbsp;En el marco de las Actividades Acad\u00e9micas ABU 2021, los invitamos amablemente a participar del Curso Online:&nbsp;Enfermedad de von Willebrand. Fecha:&nbsp;1 de junio de 2021 Coordinadora:\u00a0Dra. Ana Lena. Carga horaria total:&nbsp;2hs. Objetivo general de la actividad&nbsp;acad\u00e9mica:&nbsp;Profundizar en el conocimiento de la Enfermedad de&nbsp;von&nbsp;Willebrand, en el diagn\u00f3stico y tipificaci\u00f3n de la enfermedad. Docentes:\u00a0Dr\u00a0Alejandro Morales de &#8230; <a title=\"CURSO ONLINE: ENFERMEDAD DE VON WILLEBRAND\" class=\"read-more\" href=\"https:\/\/www.asociacionbioquimicauruguaya.org\/?p=1733\" aria-label=\"M\u00e1s en CURSO ONLINE: ENFERMEDAD DE VON WILLEBRAND\">Leer m\u00e1s<\/a><\/p>\n","protected":false},"author":1,"featured_media":1734,"comment_status":"closed","ping_status":"closed","sticky":false,"template":"","format":"standard","meta":{"_coblocks_attr":"","_coblocks_dimensions":"","_coblocks_responsive_height":"","_coblocks_accordion_ie_support":""},"categories":[10],"tags":[],"_links":{"self":[{"href":"https:\/\/www.asociacionbioquimicauruguaya.org\/index.php?rest_route=\/wp\/v2\/posts\/1733"}],"collection":[{"href":"https:\/\/www.asociacionbioquimicauruguaya.org\/index.php?rest_route=\/wp\/v2\/posts"}],"about":[{"href":"https:\/\/www.asociacionbioquimicauruguaya.org\/index.php?rest_route=\/wp\/v2\/types\/post"}],"author":[{"embeddable":true,"href":"https:\/\/www.asociacionbioquimicauruguaya.org\/index.php?rest_route=\/wp\/v2\/users\/1"}],"replies":[{"embeddable":true,"href":"https:\/\/www.asociacionbioquimicauruguaya.org\/index.php?rest_route=%2Fwp%2Fv2%2Fcomments&post=1733"}],"version-history":[{"count":0,"href":"https:\/\/www.asociacionbioquimicauruguaya.org\/index.php?rest_route=\/wp\/v2\/posts\/1733\/revisions"}],"wp:featuredmedia":[{"embeddable":true,"href":"https:\/\/www.asociacionbioquimicauruguaya.org\/index.php?rest_route=\/wp\/v2\/media\/1734"}],"wp:attachment":[{"href":"https:\/\/www.asociacionbioquimicauruguaya.org\/index.php?rest_route=%2Fwp%2Fv2%2Fmedia&parent=1733"}],"wp:term":[{"taxonomy":"category","embeddable":true,"href":"https:\/\/www.asociacionbioquimicauruguaya.org\/index.php?rest_route=%2Fwp%2Fv2%2Fcategories&post=1733"},{"taxonomy":"post_tag","embeddable":true,"href":"https:\/\/www.asociacionbioquimicauruguaya.org\/index.php?rest_route=%2Fwp%2Fv2%2Ftags&post=1733"}],"curies":[{"name":"wp","href":"https:\/\/api.w.org\/{rel}","templated":true}]}}