{"id":1816,"date":"2021-09-10T00:40:45","date_gmt":"2021-09-10T03:40:45","guid":{"rendered":"https:\/\/www.asociacionbioquimicauruguaya.org\/?p=1816"},"modified":"2021-09-10T00:43:00","modified_gmt":"2021-09-10T03:43:00","slug":"curso-online-auditorias-internas-en-el-laboratorio-clinico","status":"publish","type":"post","link":"https:\/\/www.asociacionbioquimicauruguaya.org\/?p=1816","title":{"rendered":"CURSO ONLINE: AUDITOR\u00cdAS INTERNAS EN EL LABORATORIO CL\u00cdNICO"},"content":{"rendered":"\n<h2>FECHA DE INICIO: 05\/10\/2021<\/h2>\n\n\n\n<h2>DURACI\u00d3N: 6 M\u00d3DULOS<\/h2>\n\n\n\n<h2>MODALIDAD: V\u00cdA ZOOM<\/h2>\n\n\n\n<p>Con clases martes, mi\u00e9rcoles y jueves de 18:00 a 19:30 HORARIO URUGUAY. <\/p>\n\n\n\n<h3><strong>Total horas te\u00f3rico 18 horas, total horas curso 40 hs. Curso con Prueba.<\/strong><\/h3>\n\n\n\n<h2>COSTOS:<\/h2>\n\n\n\n<h3>SOCIOS: 80 D\u00f3lares Americanos.<\/h3>\n\n\n\n<h3>NO SOCIOS. 120 D\u00f3lares Americanos.<\/h3>\n\n\n\n<h2>Docente: Dr Leverton Ortiz (Chile)<\/h2>\n\n\n\n<div class=\"wp-block-media-text\" style=\"grid-template-columns:19% auto\"><figure class=\"wp-block-media-text__media\"><img loading=\"lazy\" width=\"312\" height=\"312\" src=\"https:\/\/www.asociacionbioquimicauruguaya.org\/wp-content\/uploads\/2021\/09\/leverton-circle.png\" alt=\"\" class=\"wp-image-1820\" srcset=\"https:\/\/www.asociacionbioquimicauruguaya.org\/wp-content\/uploads\/2021\/09\/leverton-circle.png 312w, https:\/\/www.asociacionbioquimicauruguaya.org\/wp-content\/uploads\/2021\/09\/leverton-circle-150x150.png 150w, https:\/\/www.asociacionbioquimicauruguaya.org\/wp-content\/uploads\/2021\/09\/leverton-circle-300x300.png 300w\" sizes=\"(max-width: 312px) 100vw, 312px\" \/><\/figure><div class=\"wp-block-media-text__content\">\n<p style=\"font-size:14px\">Profesional de las Cs del Laboratorio Cl\u00ednico. <br>Tecn\u00f3logo Medico. Especialidad de Laboratorio Cl\u00ednico. U. de Chile. <br>Diplomado en Administraci\u00f3n de Laboratorios Cl\u00ednicos. <br>Diplomado en Gesti\u00f3n de Calidad ISO 15189. <br>Miembro de la Sociedad Chilena de Qu\u00edmica Clinica \/ Colabiocli \/ IFCC. <br>Jefe de Laboratorio Cl\u00ednico Hospital de La mSerena: + de 20 a\u00f1os de experiencia como tal. <br>Ex Jefe de Carrera de Tecnolog\u00eda Medica. Facultad de Cs de la Salud. Universidad Pedro de Valdivia. <br>Past Presidente de Congreso de Qu\u00edmica Clinica. Chile.<\/p>\n<\/div><\/div>\n\n\n\n<h2>Inscripciones<\/h2>\n\n\n\n<p>Rellenar y enviar el siguiente formulario: <a href=\"https:\/\/forms.gle\/WfYT7JufnLq2Y1N36\" target=\"_blank\" rel=\"noreferrer noopener\" aria-label=\"https:\/\/forms.gle\/WfYT7JufnLq2Y1N36 (abre en una nueva pesta\u00f1a)\">https:\/\/forms.gle\/WfYT7JufnLq2Y1N36<\/a><\/p>\n\n\n\n<p>Informaciones: <a href=\"m&#97;&#105;&#x6c;&#x74;&#x6f;&#x3a;c&#111;&#110;&#115;&#x75;&#x6c;&#x74;as&#46;&#99;&#x75;&#x72;&#x73;os&#97;&#98;&#x75;&#x40;&#x67;ma&#105;&#108;&#x2e;&#x63;&#x6f;m\">&#x63;&#x6f;&#110;su&#x6c;&#x74;&#97;&#115;&#46;&#x63;&#x75;&#114;&#115;o&#x73;&#x61;&#x62;&#117;&#64;g&#x6d;&#x61;&#105;&#108;&#46;&#x63;&#x6f;&#109;<\/a><\/p>\n","protected":false},"excerpt":{"rendered":"<p>FECHA DE INICIO: 05\/10\/2021 DURACI\u00d3N: 6 M\u00d3DULOS MODALIDAD: V\u00cdA ZOOM Con clases martes, mi\u00e9rcoles y jueves de 18:00 a 19:30 HORARIO URUGUAY. Total horas te\u00f3rico 18 horas, total horas curso 40 hs. Curso con Prueba. COSTOS: SOCIOS: 80 D\u00f3lares Americanos. NO SOCIOS. 120 D\u00f3lares Americanos. Docente: Dr Leverton Ortiz (Chile) Profesional de las Cs del &#8230; <a title=\"CURSO ONLINE: AUDITOR\u00cdAS INTERNAS EN EL LABORATORIO CL\u00cdNICO\" class=\"read-more\" href=\"https:\/\/www.asociacionbioquimicauruguaya.org\/?p=1816\" aria-label=\"M\u00e1s en CURSO ONLINE: AUDITOR\u00cdAS INTERNAS EN EL LABORATORIO CL\u00cdNICO\">Leer m\u00e1s<\/a><\/p>\n","protected":false},"author":1,"featured_media":1822,"comment_status":"closed","ping_status":"closed","sticky":false,"template":"","format":"standard","meta":{"_coblocks_attr":"","_coblocks_dimensions":"","_coblocks_responsive_height":"","_coblocks_accordion_ie_support":""},"categories":[10],"tags":[],"_links":{"self":[{"href":"https:\/\/www.asociacionbioquimicauruguaya.org\/index.php?rest_route=\/wp\/v2\/posts\/1816"}],"collection":[{"href":"https:\/\/www.asociacionbioquimicauruguaya.org\/index.php?rest_route=\/wp\/v2\/posts"}],"about":[{"href":"https:\/\/www.asociacionbioquimicauruguaya.org\/index.php?rest_route=\/wp\/v2\/types\/post"}],"author":[{"embeddable":true,"href":"https:\/\/www.asociacionbioquimicauruguaya.org\/index.php?rest_route=\/wp\/v2\/users\/1"}],"replies":[{"embeddable":true,"href":"https:\/\/www.asociacionbioquimicauruguaya.org\/index.php?rest_route=%2Fwp%2Fv2%2Fcomments&post=1816"}],"version-history":[{"count":0,"href":"https:\/\/www.asociacionbioquimicauruguaya.org\/index.php?rest_route=\/wp\/v2\/posts\/1816\/revisions"}],"wp:featuredmedia":[{"embeddable":true,"href":"https:\/\/www.asociacionbioquimicauruguaya.org\/index.php?rest_route=\/wp\/v2\/media\/1822"}],"wp:attachment":[{"href":"https:\/\/www.asociacionbioquimicauruguaya.org\/index.php?rest_route=%2Fwp%2Fv2%2Fmedia&parent=1816"}],"wp:term":[{"taxonomy":"category","embeddable":true,"href":"https:\/\/www.asociacionbioquimicauruguaya.org\/index.php?rest_route=%2Fwp%2Fv2%2Fcategories&post=1816"},{"taxonomy":"post_tag","embeddable":true,"href":"https:\/\/www.asociacionbioquimicauruguaya.org\/index.php?rest_route=%2Fwp%2Fv2%2Ftags&post=1816"}],"curies":[{"name":"wp","href":"https:\/\/api.w.org\/{rel}","templated":true}]}}