{"id":2158,"date":"2022-08-12T12:32:40","date_gmt":"2022-08-12T15:32:40","guid":{"rendered":"https:\/\/www.asociacionbioquimicauruguaya.org\/?p=2158"},"modified":"2022-08-15T09:11:17","modified_gmt":"2022-08-15T12:11:17","slug":"laboratorio-mundial-euromedlab-2023","status":"publish","type":"post","link":"https:\/\/www.asociacionbioquimicauruguaya.org\/?p=2158","title":{"rendered":"IFCC-EFLM WorldLab EuroMedLab Roma 2023"},"content":{"rendered":"\n<p>XV Congreso IFCC-EFLM EuroMedLab, organizado conjuntamente por la <a rel=\"noreferrer noopener\" href=\"https:\/\/www.ifcc.org\/\" data-type=\"URL\" data-id=\"https:\/\/www.ifcc.org\/\" target=\"_blank\">IFCC<\/a>, <a rel=\"noreferrer noopener\" href=\"https:\/\/www.eflm.eu\/\" data-type=\"URL\" data-id=\"https:\/\/www.eflm.eu\/\" target=\"_blank\">EFLM <\/a>y la Sociedad Italiana en asociaci\u00f3n con MZ Congressi, invita a todos a participar en las sesiones acad\u00e9micas, exhibiciones de la industria y otras ofertas de este evento cient\u00edfico de primer nivel, que tendr\u00e1 lugar en <strong>Roma, Italia, del 21 al 25 de mayo de 2023<\/strong>.<\/p>\n\n\n\n<p>Los congresos bianuales EuroMedLab contin\u00faan actuando como foros l\u00edderes en el campo de la medicina de laboratorio y la qu\u00edmica cl\u00ednica, reuniendo a cient\u00edficos, especialistas de laboratorio, m\u00e9dicos y colegas de la industria para permitir el intercambio y el avance cient\u00edficos. El Congreso EuroMedLab 2023 contar\u00e1 con oportunidades educativas innovadoras y diversas, que incluyen conferencias, simposios, avances recientes en la pr\u00e1ctica cl\u00ednica y la ciencia, presentaciones de carteles y exhibiciones de la industria, as\u00ed como un excelente programa social. Los asistentes tendr\u00e1n as\u00ed la oportunidad de interactuar con distinguidos expertos de todo el mundo.<\/p>\n\n\n\n<p>Descarga el <a rel=\"noreferrer noopener\" href=\"https:\/\/2023roma.org\/wp-content\/uploads\/2022\/08\/programma-preliminare-web.pdf\" target=\"_blank\">Programa Premilinar<\/a><\/p>\n\n\n\n<p>Conoce p\u00e1gina web oficial del Congreso: <a rel=\"noreferrer noopener\" href=\"https:\/\/2023roma.org\/\" target=\"_blank\">https:\/\/2023roma.org\/<\/a><\/p>\n\n\n\n<p>Secretaria del Congreso: <a href=\"https:\/\/2023roma.org\/info\/congress-secretariat\" target=\"_blank\" rel=\"noreferrer noopener\">https:\/\/2023roma.org\/info\/congress-secretariat<\/a><\/p>\n\n\n\n<p>Sede del Congreso: <a href=\"https:\/\/2023roma.org\/info\/congress-venue\/\" target=\"_blank\" rel=\"noreferrer noopener\">https:\/\/2023roma.org\/info\/congress-venue\/<\/a><\/p>\n\n\n\n<p>Informaci\u00f3n General: <a href=\"https:\/\/2023roma.org\/info\/general-info\/\" target=\"_blank\" rel=\"noreferrer noopener\">https:\/\/2023roma.org\/info\/general-info\/<\/a><\/p>\n","protected":false},"excerpt":{"rendered":"<p>XV Congreso IFCC-EFLM EuroMedLab, organizado conjuntamente por la IFCC, EFLM y la Sociedad Italiana en asociaci\u00f3n con MZ Congressi, invita a todos a participar en las sesiones acad\u00e9micas, exhibiciones de la industria y otras ofertas de este evento cient\u00edfico de primer nivel, que tendr\u00e1 lugar en Roma, Italia, del 21 al 25 de mayo de &#8230; <a title=\"IFCC-EFLM WorldLab EuroMedLab Roma 2023\" class=\"read-more\" href=\"https:\/\/www.asociacionbioquimicauruguaya.org\/?p=2158\" aria-label=\"M\u00e1s en IFCC-EFLM WorldLab EuroMedLab Roma 2023\">Leer m\u00e1s<\/a><\/p>\n","protected":false},"author":1,"featured_media":0,"comment_status":"closed","ping_status":"closed","sticky":false,"template":"","format":"standard","meta":{"_coblocks_attr":"","_coblocks_dimensions":"","_coblocks_responsive_height":"","_coblocks_accordion_ie_support":""},"categories":[9],"tags":[27],"_links":{"self":[{"href":"https:\/\/www.asociacionbioquimicauruguaya.org\/index.php?rest_route=\/wp\/v2\/posts\/2158"}],"collection":[{"href":"https:\/\/www.asociacionbioquimicauruguaya.org\/index.php?rest_route=\/wp\/v2\/posts"}],"about":[{"href":"https:\/\/www.asociacionbioquimicauruguaya.org\/index.php?rest_route=\/wp\/v2\/types\/post"}],"author":[{"embeddable":true,"href":"https:\/\/www.asociacionbioquimicauruguaya.org\/index.php?rest_route=\/wp\/v2\/users\/1"}],"replies":[{"embeddable":true,"href":"https:\/\/www.asociacionbioquimicauruguaya.org\/index.php?rest_route=%2Fwp%2Fv2%2Fcomments&post=2158"}],"version-history":[{"count":0,"href":"https:\/\/www.asociacionbioquimicauruguaya.org\/index.php?rest_route=\/wp\/v2\/posts\/2158\/revisions"}],"wp:attachment":[{"href":"https:\/\/www.asociacionbioquimicauruguaya.org\/index.php?rest_route=%2Fwp%2Fv2%2Fmedia&parent=2158"}],"wp:term":[{"taxonomy":"category","embeddable":true,"href":"https:\/\/www.asociacionbioquimicauruguaya.org\/index.php?rest_route=%2Fwp%2Fv2%2Fcategories&post=2158"},{"taxonomy":"post_tag","embeddable":true,"href":"https:\/\/www.asociacionbioquimicauruguaya.org\/index.php?rest_route=%2Fwp%2Fv2%2Ftags&post=2158"}],"curies":[{"name":"wp","href":"https:\/\/api.w.org\/{rel}","templated":true}]}}