{"id":2240,"date":"2022-12-08T09:43:14","date_gmt":"2022-12-08T12:43:14","guid":{"rendered":"https:\/\/www.asociacionbioquimicauruguaya.org\/?p=2240"},"modified":"2022-12-08T09:44:12","modified_gmt":"2022-12-08T12:44:12","slug":"xiv-congreso-uruguayo-de-bioquimica-clinica-el-laboratorio-clinico","status":"publish","type":"post","link":"https:\/\/www.asociacionbioquimicauruguaya.org\/?p=2240","title":{"rendered":"XIV Congreso Uruguayo de Bioqu\u00edmica Cl\u00ednica \u00abEl Laboratorio Cl\u00ednico"},"content":{"rendered":"\n<p>Estimados Con gusto los invitamos a reservarse la fecha del XIV Congreso Uruguayo de Bioqu\u00edmica Cl\u00ednica \u00abEl Laboratorio Cl\u00ednico: conjugando la ciencia con la vocaci\u00f3n de servicio\u00bb.<\/p>\n\n\n\n<p>El mismo se estar\u00e1 desarrollando del 11 al 13 de mayo de 2023, en Montevideo, Uruguay. <\/p>\n\n\n\n<p>En los pr\u00f3ximos d\u00edas encontrar\u00e1s disponible el sitio web del evento, para de esta manera acceder al programa, los distintos formularios y asegurar tu lugar realizando tu inscripci\u00f3n.<\/p>\n\n\n\n<p>Podr\u00e1n encontrar m\u00e1s informaci\u00f3n en la p\u00e1gina web <a rel=\"noreferrer noopener\" href=\"https:\/\/congresoabu2023.org\/\" target=\"_blank\">CONGRESO ABU 2023 <\/a><\/p>\n\n\n\n<p>Cont\u00e1ctanos: <a href=\"&#109;a&#x69;l&#x74;o&#x3a;c&#x6f;&#110;&#x67;&#114;&#x65;&#115;&#x6f;&#97;b&#117;2&#x30;2&#x33;&#64;&#x67;&#114;&#x75;&#112;&#x6f;&#101;&#x6c;&#105;&#x73;&#46;c&#111;m&#x2e;u&#x79;\">&#x63;&#x6f;&#x6e;&#x67;&#114;&#101;soa&#x62;&#x75;&#x32;&#x30;&#50;&#51;&#64;gr&#x75;&#x70;&#x6f;&#x65;&#108;&#105;&#115;&#46;c&#x6f;&#x6d;&#x2e;&#x75;&#121;<\/a><\/p>\n","protected":false},"excerpt":{"rendered":"<p>Estimados Con gusto los invitamos a reservarse la fecha del XIV Congreso Uruguayo de Bioqu\u00edmica Cl\u00ednica \u00abEl Laboratorio Cl\u00ednico: conjugando la ciencia con la vocaci\u00f3n de servicio\u00bb. El mismo se estar\u00e1 desarrollando del 11 al 13 de mayo de 2023, en Montevideo, Uruguay. En los pr\u00f3ximos d\u00edas encontrar\u00e1s disponible el sitio web del evento, para &#8230; <a title=\"XIV Congreso Uruguayo de Bioqu\u00edmica Cl\u00ednica \u00abEl Laboratorio Cl\u00ednico\" class=\"read-more\" href=\"https:\/\/www.asociacionbioquimicauruguaya.org\/?p=2240\" aria-label=\"M\u00e1s en XIV Congreso Uruguayo de Bioqu\u00edmica Cl\u00ednica \u00abEl Laboratorio Cl\u00ednico\">Leer m\u00e1s<\/a><\/p>\n","protected":false},"author":1,"featured_media":2241,"comment_status":"closed","ping_status":"closed","sticky":false,"template":"","format":"standard","meta":{"_coblocks_attr":"","_coblocks_dimensions":"","_coblocks_responsive_height":"","_coblocks_accordion_ie_support":""},"categories":[9],"tags":[30,29],"_links":{"self":[{"href":"https:\/\/www.asociacionbioquimicauruguaya.org\/index.php?rest_route=\/wp\/v2\/posts\/2240"}],"collection":[{"href":"https:\/\/www.asociacionbioquimicauruguaya.org\/index.php?rest_route=\/wp\/v2\/posts"}],"about":[{"href":"https:\/\/www.asociacionbioquimicauruguaya.org\/index.php?rest_route=\/wp\/v2\/types\/post"}],"author":[{"embeddable":true,"href":"https:\/\/www.asociacionbioquimicauruguaya.org\/index.php?rest_route=\/wp\/v2\/users\/1"}],"replies":[{"embeddable":true,"href":"https:\/\/www.asociacionbioquimicauruguaya.org\/index.php?rest_route=%2Fwp%2Fv2%2Fcomments&post=2240"}],"version-history":[{"count":0,"href":"https:\/\/www.asociacionbioquimicauruguaya.org\/index.php?rest_route=\/wp\/v2\/posts\/2240\/revisions"}],"wp:featuredmedia":[{"embeddable":true,"href":"https:\/\/www.asociacionbioquimicauruguaya.org\/index.php?rest_route=\/wp\/v2\/media\/2241"}],"wp:attachment":[{"href":"https:\/\/www.asociacionbioquimicauruguaya.org\/index.php?rest_route=%2Fwp%2Fv2%2Fmedia&parent=2240"}],"wp:term":[{"taxonomy":"category","embeddable":true,"href":"https:\/\/www.asociacionbioquimicauruguaya.org\/index.php?rest_route=%2Fwp%2Fv2%2Fcategories&post=2240"},{"taxonomy":"post_tag","embeddable":true,"href":"https:\/\/www.asociacionbioquimicauruguaya.org\/index.php?rest_route=%2Fwp%2Fv2%2Ftags&post=2240"}],"curies":[{"name":"wp","href":"https:\/\/api.w.org\/{rel}","templated":true}]}}