{"id":2254,"date":"2022-12-22T09:50:00","date_gmt":"2022-12-22T12:50:00","guid":{"rendered":"https:\/\/www.asociacionbioquimicauruguaya.org\/?p=2254"},"modified":"2023-06-22T22:00:55","modified_gmt":"2023-06-23T01:00:55","slug":"xiv-congreso-uruguayo-de-bioquimica-clinica","status":"publish","type":"post","link":"https:\/\/www.asociacionbioquimicauruguaya.org\/?p=2254","title":{"rendered":"XIV CONGRESO URUGUAYO DE BIOQU\u00cdMICA CL\u00cdNICA"},"content":{"rendered":"\n<p>Estimados socios,<\/p>\n\n\n\n<p>Los invitamos a participar del XIV Congreso Uruguayo de Bioqu\u00edmica Cl\u00ednica, que se estar\u00e1 llevando a cabo del 11 al 13 de mayo del 2023.<\/p>\n\n\n\n<p>Podr\u00e1n encontrar mayor informaci\u00f3n ingresando a la P\u00e1gina web <a rel=\"noreferrer noopener\" href=\"https:\/\/congresoabu2023.org\/\" target=\"_blank\">XIV Congreso Uruguayo de Bioqu\u00edmica Cl\u00ednica<\/a>.<\/p>\n\n\n\n<p>Inscripciones bonificadas hasta el 15 de febrero de 2023 en la <a rel=\"noreferrer noopener\" href=\"https:\/\/congresoabu2023.org\/tabla-de-valores\/\" target=\"_blank\">Tabla de Valores<\/a>.<\/p>\n\n\n\n<p>Conoce el Programa <a href=\"https:\/\/cutt.ly\/a8a1db3\" target=\"_blank\" rel=\"noreferrer noopener\">Preliminar del Evento<\/a> e <a href=\"https:\/\/cutt.ly\/C8a1okV\" target=\"_blank\" rel=\"noreferrer noopener\">Inscripciones del Congreso<\/a>.<\/p>\n\n\n\n<figure class=\"wp-block-gallery has-nested-images columns-default is-cropped\">\n<figure class=\"wp-block-image size-large\"><img loading=\"lazy\" width=\"800\" height=\"800\" data-id=\"2322\"  src=\"https:\/\/www.asociacionbioquimicauruguaya.org\/wp-content\/uploads\/2022\/12\/autoridades-abu-congreso-2023.jpg\" alt=\"\" class=\"wp-image-2322\" srcset=\"https:\/\/www.asociacionbioquimicauruguaya.org\/wp-content\/uploads\/2022\/12\/autoridades-abu-congreso-2023.jpg 800w, https:\/\/www.asociacionbioquimicauruguaya.org\/wp-content\/uploads\/2022\/12\/autoridades-abu-congreso-2023-300x300.jpg 300w, https:\/\/www.asociacionbioquimicauruguaya.org\/wp-content\/uploads\/2022\/12\/autoridades-abu-congreso-2023-150x150.jpg 150w, https:\/\/www.asociacionbioquimicauruguaya.org\/wp-content\/uploads\/2022\/12\/autoridades-abu-congreso-2023-768x768.jpg 768w\" sizes=\"(max-width: 800px) 100vw, 800px\" \/><figcaption>Autoridades \u200bXIV Congreso Uruguayo de Bioqu\u00edmica Cl\u00ednica<\/figcaption><\/figure>\n\n\n\n<figure class=\"wp-block-image size-large\"><img loading=\"lazy\" width=\"800\" height=\"800\" data-id=\"2323\"  src=\"https:\/\/www.asociacionbioquimicauruguaya.org\/wp-content\/uploads\/2022\/12\/ejes-tematicos-congreso-2023.jpg\" alt=\"\" class=\"wp-image-2323\" srcset=\"https:\/\/www.asociacionbioquimicauruguaya.org\/wp-content\/uploads\/2022\/12\/ejes-tematicos-congreso-2023.jpg 800w, https:\/\/www.asociacionbioquimicauruguaya.org\/wp-content\/uploads\/2022\/12\/ejes-tematicos-congreso-2023-300x300.jpg 300w, https:\/\/www.asociacionbioquimicauruguaya.org\/wp-content\/uploads\/2022\/12\/ejes-tematicos-congreso-2023-150x150.jpg 150w, https:\/\/www.asociacionbioquimicauruguaya.org\/wp-content\/uploads\/2022\/12\/ejes-tematicos-congreso-2023-768x768.jpg 768w\" sizes=\"(max-width: 800px) 100vw, 800px\" \/><figcaption>Ejes Tem\u00e1ticos \u200bXIV Congreso Uruguayo de Bioqu\u00edmica Cl\u00ednica <\/figcaption><\/figure>\n\n\n\n<figure class=\"wp-block-image size-large\"><img loading=\"lazy\" width=\"800\" height=\"800\" data-id=\"2325\"  src=\"https:\/\/www.asociacionbioquimicauruguaya.org\/wp-content\/uploads\/2022\/12\/palabras-abu-congreso-2023.jpg\" alt=\"\" class=\"wp-image-2325\" srcset=\"https:\/\/www.asociacionbioquimicauruguaya.org\/wp-content\/uploads\/2022\/12\/palabras-abu-congreso-2023.jpg 800w, https:\/\/www.asociacionbioquimicauruguaya.org\/wp-content\/uploads\/2022\/12\/palabras-abu-congreso-2023-300x300.jpg 300w, https:\/\/www.asociacionbioquimicauruguaya.org\/wp-content\/uploads\/2022\/12\/palabras-abu-congreso-2023-150x150.jpg 150w, https:\/\/www.asociacionbioquimicauruguaya.org\/wp-content\/uploads\/2022\/12\/palabras-abu-congreso-2023-768x768.jpg 768w\" sizes=\"(max-width: 800px) 100vw, 800px\" \/><figcaption>Palabras de Bienvenida Paola Garlo Presidenta \u200bXIV Congreso Uruguayo de Bioqu\u00edmica Cl\u00ednica<\/figcaption><\/figure>\n<\/figure>\n\n\n\n<h2><strong>Talleres<\/strong><\/h2>\n\n\n\n<iframe loading=\"lazy\" width=\"560\" height=\"315\" src=\"https:\/\/videopress.com\/embed\/g28mzYRH\" frameborder=\"0\" allowfullscreen allow=\"clipboard-write\"><\/iframe>\n<script src=\"https:\/\/videopress.com\/videopress-iframe.js\"><\/script>\n","protected":false},"excerpt":{"rendered":"<p>Estimados socios, Los invitamos a participar del XIV Congreso Uruguayo de Bioqu\u00edmica Cl\u00ednica, que se estar\u00e1 llevando a cabo del 11 al 13 de mayo del 2023. Podr\u00e1n encontrar mayor informaci\u00f3n ingresando a la P\u00e1gina web XIV Congreso Uruguayo de Bioqu\u00edmica Cl\u00ednica. Inscripciones bonificadas hasta el 15 de febrero de 2023 en la Tabla de &#8230; <a title=\"XIV CONGRESO URUGUAYO DE BIOQU\u00cdMICA CL\u00cdNICA\" class=\"read-more\" href=\"https:\/\/www.asociacionbioquimicauruguaya.org\/?p=2254\" aria-label=\"M\u00e1s en XIV CONGRESO URUGUAYO DE BIOQU\u00cdMICA CL\u00cdNICA\">Leer m\u00e1s<\/a><\/p>\n","protected":false},"author":1,"featured_media":2256,"comment_status":"closed","ping_status":"closed","sticky":false,"template":"","format":"standard","meta":{"_coblocks_attr":"","_coblocks_dimensions":"","_coblocks_responsive_height":"","_coblocks_accordion_ie_support":""},"categories":[13],"tags":[],"_links":{"self":[{"href":"https:\/\/www.asociacionbioquimicauruguaya.org\/index.php?rest_route=\/wp\/v2\/posts\/2254"}],"collection":[{"href":"https:\/\/www.asociacionbioquimicauruguaya.org\/index.php?rest_route=\/wp\/v2\/posts"}],"about":[{"href":"https:\/\/www.asociacionbioquimicauruguaya.org\/index.php?rest_route=\/wp\/v2\/types\/post"}],"author":[{"embeddable":true,"href":"https:\/\/www.asociacionbioquimicauruguaya.org\/index.php?rest_route=\/wp\/v2\/users\/1"}],"replies":[{"embeddable":true,"href":"https:\/\/www.asociacionbioquimicauruguaya.org\/index.php?rest_route=%2Fwp%2Fv2%2Fcomments&post=2254"}],"version-history":[{"count":0,"href":"https:\/\/www.asociacionbioquimicauruguaya.org\/index.php?rest_route=\/wp\/v2\/posts\/2254\/revisions"}],"wp:featuredmedia":[{"embeddable":true,"href":"https:\/\/www.asociacionbioquimicauruguaya.org\/index.php?rest_route=\/wp\/v2\/media\/2256"}],"wp:attachment":[{"href":"https:\/\/www.asociacionbioquimicauruguaya.org\/index.php?rest_route=%2Fwp%2Fv2%2Fmedia&parent=2254"}],"wp:term":[{"taxonomy":"category","embeddable":true,"href":"https:\/\/www.asociacionbioquimicauruguaya.org\/index.php?rest_route=%2Fwp%2Fv2%2Fcategories&post=2254"},{"taxonomy":"post_tag","embeddable":true,"href":"https:\/\/www.asociacionbioquimicauruguaya.org\/index.php?rest_route=%2Fwp%2Fv2%2Ftags&post=2254"}],"curies":[{"name":"wp","href":"https:\/\/api.w.org\/{rel}","templated":true}]}}