{"id":2267,"date":"2023-01-26T21:56:58","date_gmt":"2023-01-27T00:56:58","guid":{"rendered":"https:\/\/www.asociacionbioquimicauruguaya.org\/?p=2267"},"modified":"2023-01-26T21:57:32","modified_gmt":"2023-01-27T00:57:32","slug":"radio-el-microscopio-segunda-decada-formato-podcast-emision-544%ef%bf%bc","status":"publish","type":"post","link":"https:\/\/www.asociacionbioquimicauruguaya.org\/?p=2267","title":{"rendered":"Radio el Microscopio Segunda D\u00e9cada \u2013 Formato Podcast Emisi\u00f3n 544"},"content":{"rendered":"\n<h2>El laboratorio y la salud p\u00fablica<\/h2>\n\n\n\n<p>Nora Vilches es Bioqu\u00edmica, especialista en Salud P\u00fablica con formaci\u00f3n en g\u00e9nero y pol\u00edticas p\u00fablicas. Actualmente preside la Federaci\u00f3n de Entidades profesionales universitarias de C\u00f3rdoba. Ha sido integrante del Consejo Directivo del Colegio profesional de ciencias bioqu\u00edmicas de la provincia de C\u00f3rdoba. Anteriormente, jefa del Centro de Salud de Atenci\u00f3n Primaria de Salud.<\/p>\n\n\n\n<div class=\"wp-block-image\"><figure class=\"aligncenter size-full\"><img loading=\"lazy\" width=\"400\" height=\"426\" src=\"https:\/\/www.asociacionbioquimicauruguaya.org\/wp-content\/uploads\/2023\/01\/Nora-Vilches.jpg\" alt=\"\" class=\"wp-image-2268\" srcset=\"https:\/\/www.asociacionbioquimicauruguaya.org\/wp-content\/uploads\/2023\/01\/Nora-Vilches.jpg 400w, https:\/\/www.asociacionbioquimicauruguaya.org\/wp-content\/uploads\/2023\/01\/Nora-Vilches-282x300.jpg 282w\" sizes=\"(max-width: 400px) 100vw, 400px\" \/><figcaption>Nora Vilches<\/figcaption><\/figure><\/div>\n\n\n\n<!--[if lt IE 9]><script>document.createElement('audio');<\/script><![endif]-->\n<audio class=\"wp-audio-shortcode\" id=\"audio-2267-1\" preload=\"none\" style=\"width: 100%;\" controls=\"controls\"><source type=\"audio\/mpeg\" src=\"https:\/\/www.infobioquimica.com\/new\/wp-content\/uploads\/2023\/01\/PILDORA-Nora-Vilches-2.06.mp3?_=1\" \/><a href=\"https:\/\/www.infobioquimica.com\/new\/wp-content\/uploads\/2023\/01\/PILDORA-Nora-Vilches-2.06.mp3\">https:\/\/www.infobioquimica.com\/new\/wp-content\/uploads\/2023\/01\/PILDORA-Nora-Vilches-2.06.mp3<\/a><\/audio>\n\n\n\n<h2>Actualizaci\u00f3n en artritis psori\u00e1sica<\/h2>\n\n\n\n<p>El Dr. Enrique Soriano, es M\u00e9dico con especialidad en Medicina Interna y Sub-Especialidad en Reumatolog\u00eda por la Universidad de Buenos Aires, Argentina y por la Sociedad Argentina de Reumatolog\u00eda.&nbsp; Posgrado en el Universidad de Bath y el Hospital Nacional Real para las Enfermedades Reum\u00e1ticas del Reino Unido y Magister en Investigaci\u00f3n Cl\u00ednica en la Universidad de Buenos Aires.&nbsp;<\/p>\n\n\n\n<p>Es Profesor titular en el Instituto Universitario del Hospital Italiano de Buenos Aires y ex Director de la Maestr\u00eda en Investigaci\u00f3n Cl\u00ednica de dicho Instituto, donde tambi\u00e9n es ex Jefe de la Secci\u00f3n Reumatolog\u00eda<\/p>\n\n\n\n<p>Ex presidente de la Sociedad Argentina de Reumatolog\u00eda y ex presidente de la Liga Panamericana de Asociaciones de Reumatolog\u00eda. Es Miembro del Group for Research and Assessment of Psoriasis and Psoriatica Arthritis.&nbsp; Ha publicado m\u00e1s de 170 art\u00edculos en revistas indexadas.<\/p>\n\n\n\n<div class=\"wp-block-image\"><figure class=\"aligncenter size-full\"><img loading=\"lazy\" width=\"400\" height=\"300\" src=\"https:\/\/www.asociacionbioquimicauruguaya.org\/wp-content\/uploads\/2023\/01\/Enrique-Soriano.jpg\" alt=\"\" class=\"wp-image-2270\" srcset=\"https:\/\/www.asociacionbioquimicauruguaya.org\/wp-content\/uploads\/2023\/01\/Enrique-Soriano.jpg 400w, https:\/\/www.asociacionbioquimicauruguaya.org\/wp-content\/uploads\/2023\/01\/Enrique-Soriano-300x225.jpg 300w\" sizes=\"(max-width: 400px) 100vw, 400px\" \/><figcaption>Dr. Enrique Soriano<\/figcaption><\/figure><\/div>\n\n\n\n<audio class=\"wp-audio-shortcode\" id=\"audio-2267-2\" preload=\"none\" style=\"width: 100%;\" controls=\"controls\"><source type=\"audio\/mpeg\" src=\"https:\/\/www.infobioquimica.com\/new\/wp-content\/uploads\/2023\/01\/PILDORA-Enrique-Soriano-1.46.mp3?_=2\" \/><a href=\"https:\/\/www.infobioquimica.com\/new\/wp-content\/uploads\/2023\/01\/PILDORA-Enrique-Soriano-1.46.mp3\">https:\/\/www.infobioquimica.com\/new\/wp-content\/uploads\/2023\/01\/PILDORA-Enrique-Soriano-1.46.mp3<\/a><\/audio>\n\n\n\n<h2>Congreso ABU 2023<\/h2>\n\n\n\n<p>Paola Garlo es Qu\u00edmica Farmac\u00e9utica y Bioqu\u00edmica Cl\u00ednica por la Universidad de la Rep\u00fablica, Uruguay, adonde ha sido Asistente de la C\u00e1tedra de Bioqu\u00edmica Cl\u00ednica de la Facultad de Qu\u00edmica. Fue Encargada del Sector de Endocrinopat\u00edas en el Laboratorio de Pesquisa Neonatal del CRENADECER-BPS, adonde es encargada del Sector de Pesquisa Prenatal del Laboratorio de la Unidad de Internaci\u00f3n. Es Jefa del Depto. de Laboratorio de An\u00e1lisis Cl\u00ednicos del Hospital Central de las Fuerzas Armadas del Uruguay.<\/p>\n\n\n\n<div class=\"wp-block-image\"><figure class=\"aligncenter size-full\"><img loading=\"lazy\" width=\"400\" height=\"388\" src=\"https:\/\/www.asociacionbioquimicauruguaya.org\/wp-content\/uploads\/2023\/01\/Paola-Garlo.jpg\" alt=\"\" class=\"wp-image-2271\" srcset=\"https:\/\/www.asociacionbioquimicauruguaya.org\/wp-content\/uploads\/2023\/01\/Paola-Garlo.jpg 400w, https:\/\/www.asociacionbioquimicauruguaya.org\/wp-content\/uploads\/2023\/01\/Paola-Garlo-300x291.jpg 300w\" sizes=\"(max-width: 400px) 100vw, 400px\" \/><figcaption>Paola Garlo<\/figcaption><\/figure><\/div>\n\n\n\n<audio class=\"wp-audio-shortcode\" id=\"audio-2267-3\" preload=\"none\" style=\"width: 100%;\" controls=\"controls\"><source type=\"audio\/mpeg\" src=\"https:\/\/www.infobioquimica.com\/new\/wp-content\/uploads\/2023\/01\/PODCAST-Paola-Garlo-7.27.mp3?_=3\" \/><a href=\"https:\/\/www.infobioquimica.com\/new\/wp-content\/uploads\/2023\/01\/PODCAST-Paola-Garlo-7.27.mp3\">https:\/\/www.infobioquimica.com\/new\/wp-content\/uploads\/2023\/01\/PODCAST-Paola-Garlo-7.27.mp3<\/a><\/audio>\n\n\n\n<p><a href=\"https:\/\/www.infobioquimica.com\/new\/wp-content\/uploads\/2023\/01\/Enrique-Soriano-scaled.jpg\"><\/a><\/p>\n\n\n\n<h2><a href=\"https:\/\/www.infobioquimica.com\/new\/wp-content\/uploads\/2023\/01\/Nora-Vilches.jpeg\"><\/a><\/h2>\n","protected":false},"excerpt":{"rendered":"<p>El laboratorio y la salud p\u00fablica Nora Vilches es Bioqu\u00edmica, especialista en Salud P\u00fablica con formaci\u00f3n en g\u00e9nero y pol\u00edticas p\u00fablicas. Actualmente preside la Federaci\u00f3n de Entidades profesionales universitarias de C\u00f3rdoba. Ha sido integrante del Consejo Directivo del Colegio profesional de ciencias bioqu\u00edmicas de la provincia de C\u00f3rdoba. Anteriormente, jefa del Centro de Salud de &#8230; <a title=\"Radio el Microscopio Segunda D\u00e9cada \u2013 Formato Podcast Emisi\u00f3n 544\" class=\"read-more\" href=\"https:\/\/www.asociacionbioquimicauruguaya.org\/?p=2267\" aria-label=\"M\u00e1s en Radio el Microscopio Segunda D\u00e9cada \u2013 Formato Podcast Emisi\u00f3n 544\">Leer m\u00e1s<\/a><\/p>\n","protected":false},"author":1,"featured_media":2272,"comment_status":"closed","ping_status":"closed","sticky":false,"template":"","format":"standard","meta":{"_coblocks_attr":"","_coblocks_dimensions":"","_coblocks_responsive_height":"","_coblocks_accordion_ie_support":""},"categories":[13],"tags":[],"_links":{"self":[{"href":"https:\/\/www.asociacionbioquimicauruguaya.org\/index.php?rest_route=\/wp\/v2\/posts\/2267"}],"collection":[{"href":"https:\/\/www.asociacionbioquimicauruguaya.org\/index.php?rest_route=\/wp\/v2\/posts"}],"about":[{"href":"https:\/\/www.asociacionbioquimicauruguaya.org\/index.php?rest_route=\/wp\/v2\/types\/post"}],"author":[{"embeddable":true,"href":"https:\/\/www.asociacionbioquimicauruguaya.org\/index.php?rest_route=\/wp\/v2\/users\/1"}],"replies":[{"embeddable":true,"href":"https:\/\/www.asociacionbioquimicauruguaya.org\/index.php?rest_route=%2Fwp%2Fv2%2Fcomments&post=2267"}],"version-history":[{"count":0,"href":"https:\/\/www.asociacionbioquimicauruguaya.org\/index.php?rest_route=\/wp\/v2\/posts\/2267\/revisions"}],"wp:featuredmedia":[{"embeddable":true,"href":"https:\/\/www.asociacionbioquimicauruguaya.org\/index.php?rest_route=\/wp\/v2\/media\/2272"}],"wp:attachment":[{"href":"https:\/\/www.asociacionbioquimicauruguaya.org\/index.php?rest_route=%2Fwp%2Fv2%2Fmedia&parent=2267"}],"wp:term":[{"taxonomy":"category","embeddable":true,"href":"https:\/\/www.asociacionbioquimicauruguaya.org\/index.php?rest_route=%2Fwp%2Fv2%2Fcategories&post=2267"},{"taxonomy":"post_tag","embeddable":true,"href":"https:\/\/www.asociacionbioquimicauruguaya.org\/index.php?rest_route=%2Fwp%2Fv2%2Ftags&post=2267"}],"curies":[{"name":"wp","href":"https:\/\/api.w.org\/{rel}","templated":true}]}}