{"id":2610,"date":"2024-11-25T08:06:12","date_gmt":"2024-11-25T11:06:12","guid":{"rendered":"https:\/\/www.asociacionbioquimicauruguaya.org\/?p=2610"},"modified":"2025-05-06T23:54:14","modified_gmt":"2025-05-07T02:54:14","slug":"xv-congreso-uruguayo-de-bioquimica-clinica-y-3a-conferencia-de-jovenes-profesionales-de-colabiocli","status":"publish","type":"post","link":"https:\/\/www.asociacionbioquimicauruguaya.org\/?p=2610","title":{"rendered":"XV Congreso Uruguayo de Bioqu\u00edmica Cl\u00ednica y 3ra Conferencia de J\u00f3venes Profesionales de COLABIOCLI"},"content":{"rendered":"\n<p>Estimados Socios,<\/p>\n\n\n\n<p>Tenemos el agrado de comunicarles que del <strong>5 al 7 de junio de 2025<\/strong>, se estar\u00e1 llevando a cabo el <strong>XV Congreso Uruguayo de Bioqu\u00edmica Cl\u00ednica<\/strong> y la <strong>3ra Conferencia de J\u00f3venes Profesionales de COLABIOCLI<\/strong>, en el <strong>Hotel Radisson<\/strong>, Montevideo.<\/p>\n\n\n\n<h2>XV Congreso Uruguayo de Bioqu\u00edmica Cl\u00ednica<\/h2>\n\n\n\n<p>El evento central ser\u00e1 el <strong>XV Congreso Uruguayo de Bioqu\u00edmica Cl\u00ednica<\/strong>, con el tema central: \u00ab<strong>El Rol del Laboratorio en la Era de la Medicina Personalizada<\/strong>\u00ab. Este congreso reunir\u00e1 a expertos y profesionales de la bioqu\u00edmica cl\u00ednica para compartir conocimientos y experiencias.<\/p>\n\n\n\n<h3>Fecha y Lugar<\/h3>\n\n\n\n<ul><li><strong>Fecha:<\/strong> 5 al 7 de junio de 2025<\/li><li><strong>Lugar:<\/strong> Hotel Radisson, Montevideo, Uruguay<\/li><\/ul>\n\n\n\n<h2>3ra Conferencia de J\u00f3venes Profesionales de COLABIOCLI<\/h2>\n\n\n\n<p>En simult\u00e1neo, se llevar\u00e1 a cabo la <strong>3ra Conferencia de J\u00f3venes Profesionales de COLABIOCLI<\/strong>, que tendr\u00e1 lugar el <strong>6 de junio de 2025<\/strong>. Este evento est\u00e1 dise\u00f1ado para fomentar el desarrollo profesional de los j\u00f3venes en la industria de la bioqu\u00edmica cl\u00ednica.<\/p>\n\n\n\n<h3>\u00bfPor qu\u00e9 asistir?<\/h3>\n\n\n\n<p>Este evento es una excelente oportunidad para:<\/p>\n\n\n\n<ul><li>Actualizarse sobre las \u00faltimas tendencias en bioqu\u00edmica cl\u00ednica.<\/li><li>Redescubrir el papel crucial del laboratorio en la medicina personalizada.<\/li><li>Conectar con colegas y expertos de la industria.<\/li><li>Participar en discusiones y talleres dirigidos por l\u00edderes en el campo.<\/li><\/ul>\n\n\n\n<h3>Reg\u00edstrate Ahora<\/h3>\n\n\n\n<p>Para obtener m\u00e1s informaci\u00f3n y registrarte, visita nuestro sitio web: <a href=\"https:\/\/www.congresoabu.org\">www.congresoabu.org<\/a><\/p>\n\n\n\n<h2>Cont\u00e1ctanos<\/h2>\n\n\n\n<p>Si tienes alguna pregunta o necesitas m\u00e1s informaci\u00f3n, no dudes en contactarnos:<\/p>\n\n\n\n<p><strong>Correo Electr\u00f3nico:<\/strong> <a href=\"&#x6d;a&#x69;&#108;&#x74;&#111;:&#x63;o&#x6e;&#103;&#x72;&#101;s&#x6f;&#97;&#x62;&#117;&#64;&#x67;r&#x75;&#112;&#x6f;&#101;l&#x69;s&#x2e;&#99;&#x6f;&#x6d;&#46;&#x75;&#121;\">&#99;o&#x6e;g&#x72;e&#x73;&#111;&#x61;&#98;&#x75;&#64;g&#x72;u&#x70;o&#x65;&#108;&#x69;&#115;&#x2e;&#99;&#x6f;&#109;&#46;&#x75;y<\/a><\/p>\n\n\n\n<p>\u00a1Te esperamos en este importante evento!<\/p>\n","protected":false},"excerpt":{"rendered":"<p>Estimados Socios, Tenemos el agrado de comunicarles que del 5 al 7 de junio de 2025, se estar\u00e1 llevando a cabo el XV Congreso Uruguayo de Bioqu\u00edmica Cl\u00ednica y la 3ra Conferencia de J\u00f3venes Profesionales de COLABIOCLI, en el Hotel Radisson, Montevideo. XV Congreso Uruguayo de Bioqu\u00edmica Cl\u00ednica El evento central ser\u00e1 el XV Congreso &#8230; <a title=\"XV Congreso Uruguayo de Bioqu\u00edmica Cl\u00ednica y 3ra Conferencia de J\u00f3venes Profesionales de COLABIOCLI\" class=\"read-more\" href=\"https:\/\/www.asociacionbioquimicauruguaya.org\/?p=2610\" aria-label=\"M\u00e1s en XV Congreso Uruguayo de Bioqu\u00edmica Cl\u00ednica y 3ra Conferencia de J\u00f3venes Profesionales de COLABIOCLI\">Leer m\u00e1s<\/a><\/p>\n","protected":false},"author":1,"featured_media":2611,"comment_status":"closed","ping_status":"closed","sticky":false,"template":"","format":"standard","meta":{"_coblocks_attr":"","_coblocks_dimensions":"","_coblocks_responsive_height":"","_coblocks_accordion_ie_support":""},"categories":[9],"tags":[41,31,40,24,44,42],"_links":{"self":[{"href":"https:\/\/www.asociacionbioquimicauruguaya.org\/index.php?rest_route=\/wp\/v2\/posts\/2610"}],"collection":[{"href":"https:\/\/www.asociacionbioquimicauruguaya.org\/index.php?rest_route=\/wp\/v2\/posts"}],"about":[{"href":"https:\/\/www.asociacionbioquimicauruguaya.org\/index.php?rest_route=\/wp\/v2\/types\/post"}],"author":[{"embeddable":true,"href":"https:\/\/www.asociacionbioquimicauruguaya.org\/index.php?rest_route=\/wp\/v2\/users\/1"}],"replies":[{"embeddable":true,"href":"https:\/\/www.asociacionbioquimicauruguaya.org\/index.php?rest_route=%2Fwp%2Fv2%2Fcomments&post=2610"}],"version-history":[{"count":0,"href":"https:\/\/www.asociacionbioquimicauruguaya.org\/index.php?rest_route=\/wp\/v2\/posts\/2610\/revisions"}],"wp:featuredmedia":[{"embeddable":true,"href":"https:\/\/www.asociacionbioquimicauruguaya.org\/index.php?rest_route=\/wp\/v2\/media\/2611"}],"wp:attachment":[{"href":"https:\/\/www.asociacionbioquimicauruguaya.org\/index.php?rest_route=%2Fwp%2Fv2%2Fmedia&parent=2610"}],"wp:term":[{"taxonomy":"category","embeddable":true,"href":"https:\/\/www.asociacionbioquimicauruguaya.org\/index.php?rest_route=%2Fwp%2Fv2%2Fcategories&post=2610"},{"taxonomy":"post_tag","embeddable":true,"href":"https:\/\/www.asociacionbioquimicauruguaya.org\/index.php?rest_route=%2Fwp%2Fv2%2Ftags&post=2610"}],"curies":[{"name":"wp","href":"https:\/\/api.w.org\/{rel}","templated":true}]}}