{"id":492,"date":"2018-05-11T12:05:06","date_gmt":"2018-05-11T15:05:06","guid":{"rendered":"http:\/\/www.asociacionbioquimicauruguaya.org\/?p=492"},"modified":"2018-05-29T14:05:08","modified_gmt":"2018-05-29T17:05:08","slug":"i-congreso-cientifico-profesional-de-bioquimica-cordoba-del-5-al-8-de-octubre-de-2016","status":"publish","type":"post","link":"https:\/\/www.asociacionbioquimicauruguaya.org\/?p=492","title":{"rendered":"I CONGRESO CIENTIFICO PROFESIONAL DE BIOQUIMICA -CORDOBA del 5 al 8 de Octubre de 2016"},"content":{"rendered":"<section class=\"kc-elm kc-css-840381 kc_row\"><div class=\"kc-row-container  kc-container\"><div class=\"kc-wrap-columns\"><div class=\"kc-elm kc-css-373812 kc_col-sm-12 kc_column kc_col-sm-12\"><div class=\"kc-col-container\"><div class=\"kc-elm kc-css-123629 kc_text_block\"><\/p>\n<p>EL I CONGRESO CIENT\u00cdFICO PROFESIONAL DE BIOQU\u00cdMICA 2016 abordar\u00e1 cuatro ejes tem\u00e1ticos: Salud, Laboratorio Forense y Toxicolog\u00eda, Tecnolog\u00eda de los Alimentos y Qu\u00edmica del Ambiente. Para ello, se desarrollar\u00e1n diversas<\/p>\n<p>actividades como cursos, simposios y conferencias plenarias llevadas a cabo por destacados cient\u00edficos y profesionales nacionales y del extranjero<\/p>\n<\/p>\n<p>Este congreso est\u00e1 organizado por: Facultad de Ciencias Qu\u00edmicas de la Universidad Nacional de C\u00f3rdoba (UNC) y Facultad de Ciencias Qu\u00edmicas de la Universidad Cat\u00f3lica de C\u00f3rdoba (UCC), Colegio de Bioqu\u00edmicos de C\u00f3rdoba (COBICO), Federaci\u00f3n de Bioqu\u00edmicos de C\u00f3rdoba (FEBICO), Bio Red S.A., Asociaci\u00f3n de Bioqu\u00edmicos de C\u00f3rdoba (ABC) y Centro Bioqu\u00edmico Regional de R\u00edo Cuarto (CBRC).<\/p>\n<\/p>\n<p>C\u00f3rdoba es un importante centro cultural de Argentina. Los museos en C\u00f3rdoba son una extensi\u00f3n de la infraestructura cultural de esta ciudad, muchos de ellos destacan por su trascendencia arquitect\u00f3nica e hist\u00f3rica.<\/p>\n<\/p>\n<p>EL I CONGRESO CIENT\u00cdFICO PROFESIONAL DE BIOQU\u00cdMICA 2016 es una propuesta \u00fanica para rememorar la vida universitaria pensado para compartir vivencias de formaci\u00f3n profesional, entrelazadas con eventos cient\u00edficos y culturales.<\/p>\n<\/p>\n<p>Por m\u00e1s informaci\u00f3n dir\u00edgete a la p\u00e1gina del Congreso: www.bioquimica2016.com.ar<\/p>\n<p>\n<\/div><\/div><\/div><\/div><\/div><\/section>\n","protected":false},"excerpt":{"rendered":"","protected":false},"author":1,"featured_media":0,"comment_status":"closed","ping_status":"closed","sticky":false,"template":"","format":"standard","meta":{"_coblocks_attr":"","_coblocks_dimensions":"","_coblocks_responsive_height":"","_coblocks_accordion_ie_support":""},"categories":[9,13],"tags":[],"_links":{"self":[{"href":"https:\/\/www.asociacionbioquimicauruguaya.org\/index.php?rest_route=\/wp\/v2\/posts\/492"}],"collection":[{"href":"https:\/\/www.asociacionbioquimicauruguaya.org\/index.php?rest_route=\/wp\/v2\/posts"}],"about":[{"href":"https:\/\/www.asociacionbioquimicauruguaya.org\/index.php?rest_route=\/wp\/v2\/types\/post"}],"author":[{"embeddable":true,"href":"https:\/\/www.asociacionbioquimicauruguaya.org\/index.php?rest_route=\/wp\/v2\/users\/1"}],"replies":[{"embeddable":true,"href":"https:\/\/www.asociacionbioquimicauruguaya.org\/index.php?rest_route=%2Fwp%2Fv2%2Fcomments&post=492"}],"version-history":[{"count":0,"href":"https:\/\/www.asociacionbioquimicauruguaya.org\/index.php?rest_route=\/wp\/v2\/posts\/492\/revisions"}],"wp:attachment":[{"href":"https:\/\/www.asociacionbioquimicauruguaya.org\/index.php?rest_route=%2Fwp%2Fv2%2Fmedia&parent=492"}],"wp:term":[{"taxonomy":"category","embeddable":true,"href":"https:\/\/www.asociacionbioquimicauruguaya.org\/index.php?rest_route=%2Fwp%2Fv2%2Fcategories&post=492"},{"taxonomy":"post_tag","embeddable":true,"href":"https:\/\/www.asociacionbioquimicauruguaya.org\/index.php?rest_route=%2Fwp%2Fv2%2Ftags&post=492"}],"curies":[{"name":"wp","href":"https:\/\/api.w.org\/{rel}","templated":true}]}}