{"id":510,"date":"2018-05-11T12:20:41","date_gmt":"2018-05-11T15:20:41","guid":{"rendered":"http:\/\/www.asociacionbioquimicauruguaya.org\/?p=510"},"modified":"2018-05-29T14:02:40","modified_gmt":"2018-05-29T17:02:40","slug":"iv-congreso-bioquimico-del-litoral-2017-y-iii-congreso-bioquimico-del-nea-2017","status":"publish","type":"post","link":"https:\/\/www.asociacionbioquimicauruguaya.org\/?p=510","title":{"rendered":"IV Congreso Bioqu\u00edmico del Litoral 2017 y III Congreso Bioqu\u00edmico del NEA 2017"},"content":{"rendered":"<section class=\"kc-elm kc-css-10333 kc_row\"><div class=\"kc-row-container  kc-container\"><div class=\"kc-wrap-columns\"><div class=\"kc-elm kc-css-341940 kc_col-sm-12 kc_column kc_col-sm-12\"><div class=\"kc-col-container\"><div class=\"kc-elm kc-css-443814 kc_text_block\"><\/p>\n<p>Organizado por el Colegio de Bioqu\u00edmicos de Entre R\u00edos y que involucra tambi\u00e9n a los Colegios Bioqu\u00edmicos de Santa Fe 1o Circunscripci\u00f3n, Corrientes, Chaco,<\/p>\n<p>Formosa y Misiones.<\/p>\n<p>Tendr\u00e1 lugar en la ciudad de Paran\u00e1 los d\u00edas 14, 15 y 16 de Junio de 2017, en el Hotel Maran Suites &amp; Towers.<\/p>\n<p>\n<\/div><\/div><\/div><\/div><\/div><\/section>\n","protected":false},"excerpt":{"rendered":"","protected":false},"author":1,"featured_media":0,"comment_status":"closed","ping_status":"closed","sticky":false,"template":"","format":"standard","meta":{"_coblocks_attr":"","_coblocks_dimensions":"","_coblocks_responsive_height":"","_coblocks_accordion_ie_support":""},"categories":[9,13],"tags":[],"_links":{"self":[{"href":"https:\/\/www.asociacionbioquimicauruguaya.org\/index.php?rest_route=\/wp\/v2\/posts\/510"}],"collection":[{"href":"https:\/\/www.asociacionbioquimicauruguaya.org\/index.php?rest_route=\/wp\/v2\/posts"}],"about":[{"href":"https:\/\/www.asociacionbioquimicauruguaya.org\/index.php?rest_route=\/wp\/v2\/types\/post"}],"author":[{"embeddable":true,"href":"https:\/\/www.asociacionbioquimicauruguaya.org\/index.php?rest_route=\/wp\/v2\/users\/1"}],"replies":[{"embeddable":true,"href":"https:\/\/www.asociacionbioquimicauruguaya.org\/index.php?rest_route=%2Fwp%2Fv2%2Fcomments&post=510"}],"version-history":[{"count":0,"href":"https:\/\/www.asociacionbioquimicauruguaya.org\/index.php?rest_route=\/wp\/v2\/posts\/510\/revisions"}],"wp:attachment":[{"href":"https:\/\/www.asociacionbioquimicauruguaya.org\/index.php?rest_route=%2Fwp%2Fv2%2Fmedia&parent=510"}],"wp:term":[{"taxonomy":"category","embeddable":true,"href":"https:\/\/www.asociacionbioquimicauruguaya.org\/index.php?rest_route=%2Fwp%2Fv2%2Fcategories&post=510"},{"taxonomy":"post_tag","embeddable":true,"href":"https:\/\/www.asociacionbioquimicauruguaya.org\/index.php?rest_route=%2Fwp%2Fv2%2Ftags&post=510"}],"curies":[{"name":"wp","href":"https:\/\/api.w.org\/{rel}","templated":true}]}}