{"id":929,"date":"2019-05-20T15:05:56","date_gmt":"2019-05-20T18:05:56","guid":{"rendered":"http:\/\/www.asociacionbioquimicauruguaya.org\/?p=929"},"modified":"2019-08-20T19:45:10","modified_gmt":"2019-08-20T22:45:10","slug":"xii-congreso-uruguayo-de-bioquimica-clinica","status":"publish","type":"post","link":"https:\/\/www.asociacionbioquimicauruguaya.org\/?p=929","title":{"rendered":"XII Congreso Uruguayo de Bioqu\u00edmica Cl\u00ednica"},"content":{"rendered":"<p><section class=\"kc-elm kc-css-409980 kc_row\"><div class=\"kc-row-container  kc-container\"><div class=\"kc-wrap-columns\"><div class=\"kc-elm kc-css-117560 kc_col-sm-12 kc_column kc_col-sm-12\"><div class=\"kc-col-container\"><div class=\"kc-elm kc-css-172217 kc_shortcode kc_single_image\">\n\n        <img src=\"https:\/\/www.asociacionbioquimicauruguaya.org\/wp-content\/uploads\/2019\/05\/Flyer_-ABU-2019.jpg\" class=\"\" alt=\"\" \/>    <\/div>\n<div class=\"kc-elm kc-css-255604\" style=\"height: 20px; clear: both; width:100%;\"><\/div><div class=\"kc-elm kc-css-832972 kc_text_block\"><\/p>\n<p>\n<span style=\"color: #404040; font-family: 'Open Sans', Arial, sans-serif;\">Del 3 al 5 de octubre se realizar\u00e1n el&nbsp;<\/span><a style=\"box-sizing: inherit; color: #6bbfc2; font-family: 'Open Sans', Arial, sans-serif;\" href=\"http:\/\/congresoabu2019.uy\/\"><strong style=\"box-sizing: inherit;\">XII Congreso Uruguayo de Bioqu\u00edmica Cl\u00ednica<\/strong><\/a><span style=\"color: #404040; font-family: 'Open Sans', Arial, sans-serif;\">&nbsp;y el&nbsp;<\/span><strong style=\"box-sizing: inherit; color: #404040; font-family: 'Open Sans', Arial, sans-serif;\">I Curso internacional sobre Interferencias en la Fase Preanal\u00edtica<\/strong><span style=\"color: #404040; font-family: 'Open Sans', Arial, sans-serif;\">, en el Hotel Radisson de Montevideo.<\/span><\/p>\n<p style=\"box-sizing: inherit; color: #404040; font-family: 'Open Sans', Arial, sans-serif;\">Este a\u00f1o con el lema \u201c<strong style=\"box-sizing: inherit;\">Nuevos desaf\u00edos en la era de los laboratorios 4.0<\/strong>\u201d, el Congreso propone un acercamiento a las inquietudes del profesional en referencia a los cambios tecnol\u00f3gicos en los laboratorios.<\/p>\n<p style=\"box-sizing: inherit; color: #404040; font-family: 'Open Sans', Arial, sans-serif;\">La actividad contar\u00e1 con la participaci\u00f3n de invitados nacionales y extranjeros de primer nivel, entre ellos: Carlos Von Muller (Brasil-USA), Gabriel Carballo (Argentina), Gabriel Lima Oliveira (Brasil), Khosrow Adeli (Canad\u00e1), Luis Barrera (Argentina), Nilda Fink (Argentina), Ra\u00fal De Miguel (Argentina), Silvia Benozzi (Argentina).<\/p>\n<p style=\"box-sizing: inherit; color: #404040; font-family: 'Open Sans', Arial, sans-serif;\">El amplio programa cient\u00edfico incluye conferencias, simposios y cursos en los ejes tem\u00e1ticos de actualidad y de inter\u00e9s para todos los profesionales del Laboratorio Cl\u00ednico a nivel nacional y regional como son: bioqu\u00edmica, endocrinolog\u00eda, gen\u00e9tica, inmunolog\u00eda, microbiolog\u00eda, entre otros.<\/p>\n<p style=\"box-sizing: inherit; color: #404040; font-family: 'Open Sans', Arial, sans-serif;\">P\u00e1gina web:&nbsp;<a style=\"font-family: 'Libre Franklin', 'Helvetica Neue', helvetica, arial, sans-serif; font-size: 1rem;\" href=\"http:\/\/congresoabu2019.uy\/\">http:\/\/congresoabu2019.uy\/<\/a>&nbsp;<\/p>\n<p style=\"box-sizing: inherit; color: #404040; font-family: 'Open Sans', Arial, sans-serif;\">\n<\/div><\/div><\/div><\/div><\/div><\/section><section class=\"kc-elm kc-css-353717 kc_row\"><div class=\"kc-row-container  kc-container\"><div class=\"kc-wrap-columns\"><div class=\"kc-elm kc-css-963377 kc_col-sm-12 kc_column kc_col-sm-12\"><div class=\"kc-col-container\"><div class=\"kc-elm kc-css-981252 kc_text_block\"><\/p>\n<p>\n<\/div><\/div><\/div><\/div><\/div><\/section><\/p>\n","protected":false},"excerpt":{"rendered":"","protected":false},"author":9,"featured_media":0,"comment_status":"closed","ping_status":"closed","sticky":false,"template":"","format":"standard","meta":{"_coblocks_attr":"","_coblocks_dimensions":"","_coblocks_responsive_height":"","_coblocks_accordion_ie_support":""},"categories":[9,13],"tags":[17],"_links":{"self":[{"href":"https:\/\/www.asociacionbioquimicauruguaya.org\/index.php?rest_route=\/wp\/v2\/posts\/929"}],"collection":[{"href":"https:\/\/www.asociacionbioquimicauruguaya.org\/index.php?rest_route=\/wp\/v2\/posts"}],"about":[{"href":"https:\/\/www.asociacionbioquimicauruguaya.org\/index.php?rest_route=\/wp\/v2\/types\/post"}],"author":[{"embeddable":true,"href":"https:\/\/www.asociacionbioquimicauruguaya.org\/index.php?rest_route=\/wp\/v2\/users\/9"}],"replies":[{"embeddable":true,"href":"https:\/\/www.asociacionbioquimicauruguaya.org\/index.php?rest_route=%2Fwp%2Fv2%2Fcomments&post=929"}],"version-history":[{"count":0,"href":"https:\/\/www.asociacionbioquimicauruguaya.org\/index.php?rest_route=\/wp\/v2\/posts\/929\/revisions"}],"wp:attachment":[{"href":"https:\/\/www.asociacionbioquimicauruguaya.org\/index.php?rest_route=%2Fwp%2Fv2%2Fmedia&parent=929"}],"wp:term":[{"taxonomy":"category","embeddable":true,"href":"https:\/\/www.asociacionbioquimicauruguaya.org\/index.php?rest_route=%2Fwp%2Fv2%2Fcategories&post=929"},{"taxonomy":"post_tag","embeddable":true,"href":"https:\/\/www.asociacionbioquimicauruguaya.org\/index.php?rest_route=%2Fwp%2Fv2%2Ftags&post=929"}],"curies":[{"name":"wp","href":"https:\/\/api.w.org\/{rel}","templated":true}]}}